{"id":74976,"date":"2024-11-24T16:29:17","date_gmt":"2024-11-24T16:29:17","guid":{"rendered":"https:\/\/goiasemtempo.com.br\/home\/?p=74976"},"modified":"2024-11-24T16:29:17","modified_gmt":"2024-11-24T16:29:17","slug":"jornalista-afonso-lopes-morre-aos-64-anos-em-goiania","status":"publish","type":"post","link":"https:\/\/goiasemtempo.com.br\/home\/jornalista-afonso-lopes-morre-aos-64-anos-em-goiania\/","title":{"rendered":"Jornalista Afonso Lopes morre aos 64 anos, em Goi\u00e2nia"},"content":{"rendered":"<p>O jornalista Afonso Lopes faleceu neste s\u00e1bado (23), aos 64 anos, na casa onde morava, em Goi\u00e2nia. Informa\u00e7\u00f5es preliminares constam que ele foi v\u00edtima de um infarto. O profissional era portador de v\u00e1rias doen\u00e7as cr\u00f4nicas, como diabetes e hipertens\u00e3o arterial.<\/p>\n<p>Natural de Frutal (MG), Afonso Lopes deixou um legado de quase cinco d\u00e9cadas no jornalismo goiano. Ele trabalhou em diversos ve\u00edculos, incluindo os programas Goi\u00e2nia Urgente na Televis\u00e3o e R\u00e1dio Anhanguera e\u00a0 Manchester de An\u00e1polis. Tamb\u00e9m atuou em portais de not\u00edcias como Jornal Op\u00e7\u00e3o e Di\u00e1rio da Manh\u00e3.<\/p>\n<p>Sua expertise em pesquisa de inten\u00e7\u00e3o de voto era reconhecida, assim como suas pondera\u00e7\u00f5es em rela\u00e7\u00e3o \u00e0 pol\u00edtica em Goi\u00e1s. O\u00a0<a href=\"https:\/\/www.maisgoias.com.br\/entretenimento\/morre-o-jornalista-cid-moreira-aos-97-anos\/#:~:text=Ex%2Dapresentador%20do%20Jornal%20Nacional,%C3%BAltima%20sexta%2Dfeira%20(27)&amp;text=Morreu%20nesta%20quinta%2Dfeira%20(3,o%20Jornal%20Nacional%20durante%20d%C3%A9cadas.\">jornalista\u00a0<\/a>foi um dos respons\u00e1veis por implementar a TV Assembleia de Goi\u00e1s.<\/p>\n<p>O\u00a0<a href=\"https:\/\/goias.gov.br\/\">governador de Goi\u00e1s Ronaldo Caiado<\/a>\u00a0emitiu nota de pesar em raz\u00e3o do falecimento do jornalista Afonso Lopes: \u201cFoi com grande pesar que recebi a not\u00edcia da morte do jornalista Afonso Lopes. Perspicaz, era um dos profissionais mais completos da imprensa goiana\u2026 Nossos profundos sentimentos aos familiares e amigos.\u201d<\/p>\n<p>O \u00fanico filho do jornalista, Afonso Rezende, prestou homenagem nas redes sociais: \u201cVoc\u00ea foi e sempre ser\u00e1 minha maior refer\u00eancia. Que a Luz te receba de bra\u00e7os abertos, meu pai. Te amo.\u201d<\/p>\n<div id=\"M818275ScriptRootC1497432\"><\/div>\n<p>&nbsp;<\/p>\n","protected":false},"excerpt":{"rendered":"<p>O jornalista Afonso Lopes faleceu neste s\u00e1bado (23), aos 64 anos, na casa onde morava, em Goi\u00e2nia. Informa\u00e7\u00f5es preliminares constam que ele foi v\u00edtima de um infarto. O profissional era portador de v\u00e1rias doen\u00e7as cr\u00f4nicas, como diabetes e hipertens\u00e3o arterial. Natural de Frutal (MG), Afonso Lopes deixou um legado de quase cinco d\u00e9cadas no jornalismo &hellip;<\/p>\n","protected":false},"author":3,"featured_media":74977,"comment_status":"closed","ping_status":"open","sticky":false,"template":"","format":"standard","meta":{"_exactmetrics_skip_tracking":false,"_exactmetrics_sitenote_active":false,"_exactmetrics_sitenote_note":"","_exactmetrics_sitenote_category":0,"footnotes":""},"categories":[527,12,58],"tags":[],"_links":{"self":[{"href":"https:\/\/goiasemtempo.com.br\/home\/wp-json\/wp\/v2\/posts\/74976"}],"collection":[{"href":"https:\/\/goiasemtempo.com.br\/home\/wp-json\/wp\/v2\/posts"}],"about":[{"href":"https:\/\/goiasemtempo.com.br\/home\/wp-json\/wp\/v2\/types\/post"}],"author":[{"embeddable":true,"href":"https:\/\/goiasemtempo.com.br\/home\/wp-json\/wp\/v2\/users\/3"}],"replies":[{"embeddable":true,"href":"https:\/\/goiasemtempo.com.br\/home\/wp-json\/wp\/v2\/comments?post=74976"}],"version-history":[{"count":1,"href":"https:\/\/goiasemtempo.com.br\/home\/wp-json\/wp\/v2\/posts\/74976\/revisions"}],"predecessor-version":[{"id":74978,"href":"https:\/\/goiasemtempo.com.br\/home\/wp-json\/wp\/v2\/posts\/74976\/revisions\/74978"}],"wp:featuredmedia":[{"embeddable":true,"href":"https:\/\/goiasemtempo.com.br\/home\/wp-json\/wp\/v2\/media\/74977"}],"wp:attachment":[{"href":"https:\/\/goiasemtempo.com.br\/home\/wp-json\/wp\/v2\/media?parent=74976"}],"wp:term":[{"taxonomy":"category","embeddable":true,"href":"https:\/\/goiasemtempo.com.br\/home\/wp-json\/wp\/v2\/categories?post=74976"},{"taxonomy":"post_tag","embeddable":true,"href":"https:\/\/goiasemtempo.com.br\/home\/wp-json\/wp\/v2\/tags?post=74976"}],"curies":[{"name":"wp","href":"https:\/\/api.w.org\/{rel}","templated":true}]}}