{"id":74951,"date":"2024-11-21T22:37:24","date_gmt":"2024-11-21T22:37:24","guid":{"rendered":"https:\/\/goiasemtempo.com.br\/home\/?p=74951"},"modified":"2024-11-21T22:58:40","modified_gmt":"2024-11-21T22:58:40","slug":"procon-cesta-basica-em-anapolis-tem-aumento-de-875-em-novembro","status":"publish","type":"post","link":"https:\/\/goiasemtempo.com.br\/home\/procon-cesta-basica-em-anapolis-tem-aumento-de-875-em-novembro\/","title":{"rendered":"Procon: Cesta b\u00e1sica em An\u00e1polis tem aumento de 8,75% em novembro"},"content":{"rendered":"<p>O Procon An\u00e1polis realizou uma an\u00e1lise comparativa de pre\u00e7os nos dias 4 e 5 de novembro deste ano, envolvendo 23 produtos de diferentes marcas em seis estabelecimentos comerciais. Em An\u00e1polis, o valor da cesta b\u00e1sica teve um acr\u00e9scimo de 8,75% em rela\u00e7\u00e3o a outubro. Os itens que apresentaram os maiores aumentos foram a batata inglesa, a carne e o tomate, enquanto o macarr\u00e3o tipo espaguete e o sab\u00e3o em p\u00f3 mostraram as maiores quedas de pre\u00e7o.<\/p>\n<p>Todos os itens analisados, que comp\u00f5em a cesta b\u00e1sica nacional, conforme a defini\u00e7\u00e3o do DIEESE, tiveram seus pre\u00e7os comparados levando em considera\u00e7\u00e3o as mesmas caracter\u00edsticas e peso, utilizando como crit\u00e9rio a identifica\u00e7\u00e3o do menor e maior pre\u00e7o.<\/p>\n<p>O sab\u00e3o em p\u00f3, nas vers\u00f5es sach\u00ea ou caixa de 800 gramas, apresentou uma varia\u00e7\u00e3o de 139%, com pre\u00e7os que v\u00e3o de R$ 4,59 a R$ 10,99. J\u00e1 a banana teve uma flutua\u00e7\u00e3o de 117%, variando de R$ 2,99 a R$ 6,49 por kg.<\/p>\n<p>No caso do sab\u00e3o em barra, embalagem de 900 gramas, houve uma oscila\u00e7\u00e3o de 93%, sendo encontrado por pre\u00e7os que variam de R$ 5,99 a R$ 11,59. O detergente l\u00edquido, embalagem de 500 ml, apresentou uma varia\u00e7\u00e3o de 82%, com valores entre R$ 1,15 e R$ 2,09.<\/p>\n<p>Quanto ao papel higi\u00eanico fino branco, pacote com 4 unidades, apresentou uma flutua\u00e7\u00e3o de 79%, variando entre R$ 2,79 e R$ 4,99. Outro produto que n\u00e3o pode faltar, a farinha de trigo, embalagem de 1 kg, teve uma oscila\u00e7\u00e3o de 73%, podendo ser encontrada de R$ 2,89 a R$ 4,99.<\/p>\n<p>Por sua vez, o arroz tipo 1, pacote de 5 kg, apresentou uma varia\u00e7\u00e3o de 11%, com pre\u00e7os que variam de R$ 27,99 a R$ 30,99. Enquanto isso, o feij\u00e3o carioquinha, embalagem de 1 kg, teve uma flutua\u00e7\u00e3o de 28%, com pre\u00e7os que v\u00e3o de R$ 4,69 a R$ 5,99.<\/p>\n<p>Ao analisar o impacto dos pre\u00e7os da cesta b\u00e1sica nacional sobre o sal\u00e1rio m\u00ednimo, \u00e9 poss\u00edvel avaliar a altera\u00e7\u00e3o no poder aquisitivo do trabalhador. Assim, observou-se que um trabalhador que recebe um sal\u00e1rio m\u00ednimo de R$ 1.412,00 ter\u00e1 que destinar R$ 592,45 para adquirir a cesta b\u00e1sica individual, com base no pre\u00e7o m\u00e9dio dos itens pesquisados e estabelecido pelo DIEESE. Esse valor corresponde a 41,95% de sua renda.<\/p>\n<p>Em outubro, o valor m\u00e9dio da cesta b\u00e1sica foi de R$ 544,80, e em novembro, o pre\u00e7o encontrado foi de R$ 592,45. Portanto, houve um acr\u00e9scimo de R$ 47,65 no pre\u00e7o da cesta b\u00e1sica nacional, conforme os dados do DIEESE. \u201cRecomendamos que os consumidores leiam cuidadosamente os r\u00f3tulos dos produtos para evitar a compra de itens vencidos, al\u00e9m de ficarem atentos \u00e0s promo\u00e7\u00f5es rel\u00e2mpago e ofertas especiais. Para otimizar as compras, sugerimos elaborar uma lista, pois isso pode reduzir significativamente os gastos, evitando aquisi\u00e7\u00f5es impulsivas e esquecendo itens essenciais. Lembramos que solicitar a nota fiscal \u00e9 um direito do consumidor, fa\u00e7a valer esse direito!\u201d, afirmou Wilson Velasco, diretor do Procon An\u00e1polis.<\/p>\n<p>Constatando alguma irregularidade, denuncie pelos canais de atendimento do \u00d3rg\u00e3o \u2013 Telefone: (62) 3902-1365 ou WhatsApp: (62) 3902-2882. Se necess\u00e1rio atendimento presencial, basta se direcionar at\u00e9 a sede do Procon Municipal: Rua Estrela do Sul, esquina com Avenida Belo Horizonte, Vila Jussara, de segunda a sexta-feira, das 8h \u00e0s 18h.<\/p>\n","protected":false},"excerpt":{"rendered":"<p>O Procon An\u00e1polis realizou uma an\u00e1lise comparativa de pre\u00e7os nos dias 4 e 5 de novembro deste ano, envolvendo 23 produtos de diferentes marcas em seis estabelecimentos comerciais. Em An\u00e1polis, o valor da cesta b\u00e1sica teve um acr\u00e9scimo de 8,75% em rela\u00e7\u00e3o a outubro. Os itens que apresentaram os maiores aumentos foram a batata inglesa, &hellip;<\/p>\n","protected":false},"author":3,"featured_media":74952,"comment_status":"closed","ping_status":"open","sticky":false,"template":"","format":"standard","meta":{"_exactmetrics_skip_tracking":false,"_exactmetrics_sitenote_active":false,"_exactmetrics_sitenote_note":"","_exactmetrics_sitenote_category":0,"footnotes":""},"categories":[18,17,19],"tags":[],"_links":{"self":[{"href":"https:\/\/goiasemtempo.com.br\/home\/wp-json\/wp\/v2\/posts\/74951"}],"collection":[{"href":"https:\/\/goiasemtempo.com.br\/home\/wp-json\/wp\/v2\/posts"}],"about":[{"href":"https:\/\/goiasemtempo.com.br\/home\/wp-json\/wp\/v2\/types\/post"}],"author":[{"embeddable":true,"href":"https:\/\/goiasemtempo.com.br\/home\/wp-json\/wp\/v2\/users\/3"}],"replies":[{"embeddable":true,"href":"https:\/\/goiasemtempo.com.br\/home\/wp-json\/wp\/v2\/comments?post=74951"}],"version-history":[{"count":1,"href":"https:\/\/goiasemtempo.com.br\/home\/wp-json\/wp\/v2\/posts\/74951\/revisions"}],"predecessor-version":[{"id":74953,"href":"https:\/\/goiasemtempo.com.br\/home\/wp-json\/wp\/v2\/posts\/74951\/revisions\/74953"}],"wp:featuredmedia":[{"embeddable":true,"href":"https:\/\/goiasemtempo.com.br\/home\/wp-json\/wp\/v2\/media\/74952"}],"wp:attachment":[{"href":"https:\/\/goiasemtempo.com.br\/home\/wp-json\/wp\/v2\/media?parent=74951"}],"wp:term":[{"taxonomy":"category","embeddable":true,"href":"https:\/\/goiasemtempo.com.br\/home\/wp-json\/wp\/v2\/categories?post=74951"},{"taxonomy":"post_tag","embeddable":true,"href":"https:\/\/goiasemtempo.com.br\/home\/wp-json\/wp\/v2\/tags?post=74951"}],"curies":[{"name":"wp","href":"https:\/\/api.w.org\/{rel}","templated":true}]}}