{"id":74754,"date":"2024-10-07T12:40:29","date_gmt":"2024-10-07T12:40:29","guid":{"rendered":"https:\/\/goiasemtempo.com.br\/home\/?p=74754"},"modified":"2024-10-07T12:40:29","modified_gmt":"2024-10-07T12:40:29","slug":"com-apenas-26-de-renovacao-camara-de-anapolis-tem-17-vereadores-reeleitos","status":"publish","type":"post","link":"https:\/\/goiasemtempo.com.br\/home\/com-apenas-26-de-renovacao-camara-de-anapolis-tem-17-vereadores-reeleitos\/","title":{"rendered":"Com apenas 26% de renova\u00e7\u00e3o C\u00e2mara de An\u00e1polis tem 17 vereadores reeleitos"},"content":{"rendered":"<p>Com o t\u00e9rmino da apura\u00e7\u00e3o das urnas, An\u00e1polis j\u00e1 conhece os 23 vereadores que ocupar\u00e3o a C\u00e2mara Municipal entre 2025 e 2028. A nova composi\u00e7\u00e3o traz um \u00edndice de renova\u00e7\u00e3o de 26%, com seis parlamentares novatos assumindo cadeiras, enquanto 17 foram reeleitos. A diversidade de representa\u00e7\u00f5es partid\u00e1rias aumentou: agora, 15 partidos estar\u00e3o presentes, dois a mais do que na elei\u00e7\u00e3o de 2020, quando eram 13.<\/p>\n<p>O PL foi o partido que mais conquistou votos em An\u00e1polis, totalizando 16.401. O candidato mais bem votado pela legenda foi Jean Carlos, que obteve expressivos 22.100 votos. J\u00e1 o PT ficou com o segundo maior n\u00famero de votos, somando 15.401. O Professor Marcos Carvalho foi o destaque do partido, recebendo 13.500 votos.<\/p>\n<p>A participa\u00e7\u00e3o feminina na C\u00e2mara manteve-se est\u00e1vel com cinco cadeiras ocupadas por mulheres. No entanto, houve uma mudan\u00e7a significativa: Tr\u00edcia Barreto, que n\u00e3o disputou a reelei\u00e7\u00e3o, foi substitu\u00edda pela novata Capit\u00e3 Elizete. Outras duas figuras conhecidas que decidiram n\u00e3o tentar a reelei\u00e7\u00e3o foram Leandro Ribeiro e Lisieux Borges. Al\u00e9m deles, tr\u00eas vereadores que disputaram o pleito n\u00e3o conseguiram manter suas cadeiras: Delcimar Fortunato, H\u00e9lio Ara\u00fajo e Edimilson Serve Bem.<\/p>\n<p>No panorama geral das coliga\u00e7\u00f5es, &#8220;An\u00e1polis do Lado Certo&#8221;, que apoiou a candidatura de M\u00e1rcio C\u00f4rrea (PL) \u00e0 prefeitura, elegeu nove vereadores. J\u00e1 a coliga\u00e7\u00e3o &#8220;Trabalho e Dedica\u00e7\u00e3o&#8221;, de Eeriz\u00e2nia Freitas (UB), garantiu 11 cadeiras. A coliga\u00e7\u00e3o &#8220;Amor por An\u00e1polis&#8221;, de Ant\u00f4nio Gomide (PT), elegeu dois parlamentares, e a Federa\u00e7\u00e3o PSDB\/Cidadania, que apoiou H\u00e9lio da Apae, conquistou uma cadeira. Por outro lado, o partido NOVO e a Federa\u00e7\u00e3o PSOL\/Rede n\u00e3o conseguiram eleger nenhum representante.<\/p>\n","protected":false},"excerpt":{"rendered":"<p>Com o t\u00e9rmino da apura\u00e7\u00e3o das urnas, An\u00e1polis j\u00e1 conhece os 23 vereadores que ocupar\u00e3o a C\u00e2mara Municipal entre 2025 e 2028. A nova composi\u00e7\u00e3o traz um \u00edndice de renova\u00e7\u00e3o de 26%, com seis parlamentares novatos assumindo cadeiras, enquanto 17 foram reeleitos. A diversidade de representa\u00e7\u00f5es partid\u00e1rias aumentou: agora, 15 partidos estar\u00e3o presentes, dois a &hellip;<\/p>\n","protected":false},"author":3,"featured_media":74755,"comment_status":"closed","ping_status":"open","sticky":false,"template":"","format":"standard","meta":{"_exactmetrics_skip_tracking":false,"_exactmetrics_sitenote_active":false,"_exactmetrics_sitenote_note":"","_exactmetrics_sitenote_category":0,"footnotes":""},"categories":[18,30,19],"tags":[],"_links":{"self":[{"href":"https:\/\/goiasemtempo.com.br\/home\/wp-json\/wp\/v2\/posts\/74754"}],"collection":[{"href":"https:\/\/goiasemtempo.com.br\/home\/wp-json\/wp\/v2\/posts"}],"about":[{"href":"https:\/\/goiasemtempo.com.br\/home\/wp-json\/wp\/v2\/types\/post"}],"author":[{"embeddable":true,"href":"https:\/\/goiasemtempo.com.br\/home\/wp-json\/wp\/v2\/users\/3"}],"replies":[{"embeddable":true,"href":"https:\/\/goiasemtempo.com.br\/home\/wp-json\/wp\/v2\/comments?post=74754"}],"version-history":[{"count":1,"href":"https:\/\/goiasemtempo.com.br\/home\/wp-json\/wp\/v2\/posts\/74754\/revisions"}],"predecessor-version":[{"id":74756,"href":"https:\/\/goiasemtempo.com.br\/home\/wp-json\/wp\/v2\/posts\/74754\/revisions\/74756"}],"wp:featuredmedia":[{"embeddable":true,"href":"https:\/\/goiasemtempo.com.br\/home\/wp-json\/wp\/v2\/media\/74755"}],"wp:attachment":[{"href":"https:\/\/goiasemtempo.com.br\/home\/wp-json\/wp\/v2\/media?parent=74754"}],"wp:term":[{"taxonomy":"category","embeddable":true,"href":"https:\/\/goiasemtempo.com.br\/home\/wp-json\/wp\/v2\/categories?post=74754"},{"taxonomy":"post_tag","embeddable":true,"href":"https:\/\/goiasemtempo.com.br\/home\/wp-json\/wp\/v2\/tags?post=74754"}],"curies":[{"name":"wp","href":"https:\/\/api.w.org\/{rel}","templated":true}]}}