{"id":74734,"date":"2024-09-29T12:08:35","date_gmt":"2024-09-29T12:08:35","guid":{"rendered":"https:\/\/goiasemtempo.com.br\/home\/?p=74734"},"modified":"2024-09-29T12:08:35","modified_gmt":"2024-09-29T12:08:35","slug":"para-voltar-a-operar-no-brasil-moraes-determina-que-x-tera-que-pagar-r-10-milhoes-em-multa","status":"publish","type":"post","link":"https:\/\/goiasemtempo.com.br\/home\/para-voltar-a-operar-no-brasil-moraes-determina-que-x-tera-que-pagar-r-10-milhoes-em-multa\/","title":{"rendered":"Para voltar a operar no Brasil, Moraes determina que X ter\u00e1 que pagar R$ 10 milh\u00f5es em multa"},"content":{"rendered":"<p>O ministro Alexandre de Moraes, do Supremo Tribunal Federal (STF), determinou nesta sexta-feira (27) que a rede social X, antiga Twitter, pague uma multa de R$ 10 milh\u00f5es para que possa voltar a operar no Brasil. A penalidade decorre do descumprimento de uma ordem judicial emitida em 18 de setembro. A informa\u00e7\u00e3o \u00e9 do portal R7.<\/p>\n<p>Moraes tamb\u00e9m solicitou que a empresa informe se os valores bloqueados na Starlink Brazil Servi\u00e7os de Internet Ltda, subsidi\u00e1ria de internet via sat\u00e9lite de Elon Musk, ser\u00e3o usados para quitar a multa. As contas da Starlink foram congeladas no in\u00edcio de setembro para garantir o pagamento de penalidades aplicadas ao X.<\/p>\n<div class=\"code-block code-block-5\"><\/div>\n<p>Al\u00e9m do pagamento da multa, a empresa deve desistir dos recursos apresentados contra as decis\u00f5es judiciais. Segundo Moraes, \u201co retorno imediato das atividades da rede X em territ\u00f3rio nacional depende unicamente do cumprimento integral da legisla\u00e7\u00e3o brasileira e da observ\u00e2ncia absoluta das decis\u00f5es do Judici\u00e1rio, em respeito \u00e0 soberania nacional\u201d.<\/p>\n<p>O bloqueio da rede social no Brasil ocorreu em 31 de agosto, ap\u00f3s a empresa n\u00e3o indicar um representante legal no pa\u00eds, como exigido pela lei. Em 13 de agosto, a equipe de assuntos governamentais globais do X divulgou uma decis\u00e3o confidencial do ministro Moraes, que ordenava o bloqueio de perfis, incluindo o do senador Marcos do Val. O senador criticou a decis\u00e3o, afirmando que buscaria a interven\u00e7\u00e3o de tribunais internacionais, enquanto o X manteve as contas ativas.<\/p>\n<p>Em agosto, o X anunciou que encerraria suas opera\u00e7\u00f5es no Brasil ap\u00f3s amea\u00e7as de pris\u00e3o \u00e0 representante legal da empresa, Rachel de Oliveira Villa Nova, pelo descumprimento das ordens judiciais.<\/p>\n","protected":false},"excerpt":{"rendered":"<p>O ministro Alexandre de Moraes, do Supremo Tribunal Federal (STF), determinou nesta sexta-feira (27) que a rede social X, antiga Twitter, pague uma multa de R$ 10 milh\u00f5es para que possa voltar a operar no Brasil. A penalidade decorre do descumprimento de uma ordem judicial emitida em 18 de setembro. A informa\u00e7\u00e3o \u00e9 do portal &hellip;<\/p>\n","protected":false},"author":3,"featured_media":74735,"comment_status":"closed","ping_status":"open","sticky":false,"template":"","format":"standard","meta":{"_exactmetrics_skip_tracking":false,"_exactmetrics_sitenote_active":false,"_exactmetrics_sitenote_note":"","_exactmetrics_sitenote_category":0,"footnotes":""},"categories":[6,26,19],"tags":[],"_links":{"self":[{"href":"https:\/\/goiasemtempo.com.br\/home\/wp-json\/wp\/v2\/posts\/74734"}],"collection":[{"href":"https:\/\/goiasemtempo.com.br\/home\/wp-json\/wp\/v2\/posts"}],"about":[{"href":"https:\/\/goiasemtempo.com.br\/home\/wp-json\/wp\/v2\/types\/post"}],"author":[{"embeddable":true,"href":"https:\/\/goiasemtempo.com.br\/home\/wp-json\/wp\/v2\/users\/3"}],"replies":[{"embeddable":true,"href":"https:\/\/goiasemtempo.com.br\/home\/wp-json\/wp\/v2\/comments?post=74734"}],"version-history":[{"count":1,"href":"https:\/\/goiasemtempo.com.br\/home\/wp-json\/wp\/v2\/posts\/74734\/revisions"}],"predecessor-version":[{"id":74736,"href":"https:\/\/goiasemtempo.com.br\/home\/wp-json\/wp\/v2\/posts\/74734\/revisions\/74736"}],"wp:featuredmedia":[{"embeddable":true,"href":"https:\/\/goiasemtempo.com.br\/home\/wp-json\/wp\/v2\/media\/74735"}],"wp:attachment":[{"href":"https:\/\/goiasemtempo.com.br\/home\/wp-json\/wp\/v2\/media?parent=74734"}],"wp:term":[{"taxonomy":"category","embeddable":true,"href":"https:\/\/goiasemtempo.com.br\/home\/wp-json\/wp\/v2\/categories?post=74734"},{"taxonomy":"post_tag","embeddable":true,"href":"https:\/\/goiasemtempo.com.br\/home\/wp-json\/wp\/v2\/tags?post=74734"}],"curies":[{"name":"wp","href":"https:\/\/api.w.org\/{rel}","templated":true}]}}