{"id":74704,"date":"2024-09-26T09:52:37","date_gmt":"2024-09-26T09:52:37","guid":{"rendered":"https:\/\/goiasemtempo.com.br\/home\/?p=74704"},"modified":"2024-09-27T20:36:48","modified_gmt":"2024-09-27T20:36:48","slug":"temperatura-em-goias-pode-chegar-a-42c-nesta-quinta","status":"publish","type":"post","link":"https:\/\/goiasemtempo.com.br\/home\/temperatura-em-goias-pode-chegar-a-42c-nesta-quinta\/","title":{"rendered":"Temperatura em Goi\u00e1s pode chegar a 42\u00b0C nesta quinta"},"content":{"rendered":"<p>Nesta quinta-feira (26\/09), a massa de ar quente e seco que predomina com for\u00e7a sobre boa parte do Brasil vai influenciar as temperaturas em Goi\u00e1s, com a m\u00e1xima podendo chegar a 42\u00b0C nas regi\u00f5es Oeste e Norte do estado.<\/p>\n<p>Nas regi\u00f5es Sul, Sudoeste e Central, m\u00e1xima de 40\u00b0C e m\u00ednima de 19\u00b0C. Na regi\u00e3o Leste de Goi\u00e1s, a temperatura m\u00e1xima deve chegar a 38\u00b0C.<\/p>\n<p><strong>A umidade relativa do ar estar\u00e1 em decl\u00ednio no per\u00edodo da tarde, podendo chegar a 10% em todo o estado.<\/strong><\/p>\n<p>Em Goi\u00e2nia, a previs\u00e3o para esta quinta-feira \u00e9 de predom\u00ednio de sol durante todo dia. A temperatura m\u00e1xima pode chegar a 39\u00baC, e a umidade relativa do ar deve variar de 10% a 50%.<\/p>\n<p>A previs\u00e3o \u00e9 do\u00a0<a href=\"https:\/\/goias.gov.br\/meioambiente\/cimehgo\/\" target=\"_blank\" rel=\"noreferrer noopener\">Centro de Informa\u00e7\u00f5es Meteorol\u00f3gicas e Hidrol\u00f3gicas de Goi\u00e1s (Cimehgo)<\/a>, que emitiu tr\u00eas alertas:<\/p>\n<ul class=\"wp-block-list\">\n<li>Alerta para \u00edndice da umidade relativa do ar no per\u00edodo da tarde com n\u00edvel de emerg\u00eancia.<\/li>\n<li>Alerta para a onda de calor com temperaturas entre 2\u00baC a 5\u00baC acima da m\u00e9dia para o per\u00edodo.<\/li>\n<li>Alerta para qualidade do ar em n\u00edvel ruim, sendo impactada principalmente pelas queimadas.<\/li>\n<\/ul>\n<p><strong>Ainda de acordo com as informa\u00e7\u00f5es divulgadas pelo Cimehgo, o risco de inc\u00eandio est\u00e1 classificado como \u201calto\u201d para todas as unidades de conserva\u00e7\u00e3o de Goi\u00e1s.<\/strong><\/p>\n<h2 class=\"wp-block-heading\">N\u00edveis dos rios<\/h2>\n<p>A baixa expectativa para ocorr\u00eancia de chuvas deve resultar em uma queda gradual nos n\u00edveis dos rios. A tend\u00eancia \u00e9 que os rios continuem baixando nos pr\u00f3ximos dias.<\/p>\n<p>O Rio Araguaia, no distrito de Bandeirantes, atingiu n\u00edveis m\u00ednimos hist\u00f3ricos, o que \u00e9 motivo de aten\u00e7\u00e3o. O Rio Paran\u00e3, em Formosa, j\u00e1 caiu abaixo da m\u00ednima hist\u00f3rica. O Rio Vermelho, que \u00e9 monitorado tanto acima quanto abaixo da cidade de Goi\u00e1s, \u00e9 outro que apresenta quedas. Em Matrinch\u00e3, o cen\u00e1rio \u00e9 ainda mais cr\u00edtico, com o Rio Vermelho registrando n\u00edveis m\u00ednimos hist\u00f3ricos.<\/p>\n<p>O Meia Ponte, que abastece grande parte da Regi\u00e3o Metropolitana de Goi\u00e2nia, est\u00e1<br \/>\ncom n\u00edveis em queda tanto acima quanto abaixo da cidade. Acima de Goi\u00e2nia, o rio est\u00e1 pr\u00f3ximo<br \/>\nde sair da faixa de normalidade.<\/p>\n","protected":false},"excerpt":{"rendered":"<p>Nesta quinta-feira (26\/09), a massa de ar quente e seco que predomina com for\u00e7a sobre boa parte do Brasil vai influenciar as temperaturas em Goi\u00e1s, com a m\u00e1xima podendo chegar a 42\u00b0C nas regi\u00f5es Oeste e Norte do estado. Nas regi\u00f5es Sul, Sudoeste e Central, m\u00e1xima de 40\u00b0C e m\u00ednima de 19\u00b0C. Na regi\u00e3o Leste &hellip;<\/p>\n","protected":false},"author":3,"featured_media":74707,"comment_status":"closed","ping_status":"open","sticky":false,"template":"","format":"standard","meta":{"footnotes":""},"categories":[470,15,4],"tags":[],"class_list":["post-74704","post","type-post","status-publish","format-standard","has-post-thumbnail","hentry","category-clima","category-goias","category-ultimas-noticias"],"_links":{"self":[{"href":"https:\/\/goiasemtempo.com.br\/home\/wp-json\/wp\/v2\/posts\/74704","targetHints":{"allow":["GET"]}}],"collection":[{"href":"https:\/\/goiasemtempo.com.br\/home\/wp-json\/wp\/v2\/posts"}],"about":[{"href":"https:\/\/goiasemtempo.com.br\/home\/wp-json\/wp\/v2\/types\/post"}],"author":[{"embeddable":true,"href":"https:\/\/goiasemtempo.com.br\/home\/wp-json\/wp\/v2\/users\/3"}],"replies":[{"embeddable":true,"href":"https:\/\/goiasemtempo.com.br\/home\/wp-json\/wp\/v2\/comments?post=74704"}],"version-history":[{"count":1,"href":"https:\/\/goiasemtempo.com.br\/home\/wp-json\/wp\/v2\/posts\/74704\/revisions"}],"predecessor-version":[{"id":74706,"href":"https:\/\/goiasemtempo.com.br\/home\/wp-json\/wp\/v2\/posts\/74704\/revisions\/74706"}],"wp:featuredmedia":[{"embeddable":true,"href":"https:\/\/goiasemtempo.com.br\/home\/wp-json\/wp\/v2\/media\/74707"}],"wp:attachment":[{"href":"https:\/\/goiasemtempo.com.br\/home\/wp-json\/wp\/v2\/media?parent=74704"}],"wp:term":[{"taxonomy":"category","embeddable":true,"href":"https:\/\/goiasemtempo.com.br\/home\/wp-json\/wp\/v2\/categories?post=74704"},{"taxonomy":"post_tag","embeddable":true,"href":"https:\/\/goiasemtempo.com.br\/home\/wp-json\/wp\/v2\/tags?post=74704"}],"curies":[{"name":"wp","href":"https:\/\/api.w.org\/{rel}","templated":true}]}}