{"id":74656,"date":"2024-08-26T14:02:48","date_gmt":"2024-08-26T14:02:48","guid":{"rendered":"https:\/\/goiasemtempo.com.br\/home\/?p=74656"},"modified":"2024-08-26T14:02:48","modified_gmt":"2024-08-26T14:02:48","slug":"daniel-vilela-usa-estrutura-do-governo-em-agenda-oficial-para-fazer-campanha-eleitoral-em-anapolis","status":"publish","type":"post","link":"https:\/\/goiasemtempo.com.br\/home\/daniel-vilela-usa-estrutura-do-governo-em-agenda-oficial-para-fazer-campanha-eleitoral-em-anapolis\/","title":{"rendered":"Daniel Vilela usa estrutura do governo em agenda oficial para fazer campanha eleitoral em An\u00e1polis"},"content":{"rendered":"<p>Daniel Vilela (MDB) chegou \u00e0 reuni\u00e3o da Associa\u00e7\u00e3o Comercial e Industrial de An\u00e1polis de m\u00e3os abanando na \u00faltima sexta-feira (23). Ali\u00e1s, m\u00e3os abanando, mas n\u00e3o vazias: ele carregava M\u00e1rcio Correa (PL) pelo bra\u00e7o para tentar emplacar o candidato\u00a0 aos empres\u00e1rios e investidores de An\u00e1polis.<\/p>\n<p>\u2022 Vilela n\u00e3o levou um \u00fanico an\u00fancio de investimentos ou sequer de uma\u00a0 inten\u00e7\u00e3o de marcar uma agenda para que algum investidor de fora de Goi\u00e1s possa conhecer os potenciais da cidade. As promessas de &#8216;Daniboy&#8217; como \u00e9 chamado pelos seus advers\u00e1rios, foram restritas para Catal\u00e3o, Rio Verde, Jata\u00ed e principalmente sua nova cidade natal Aparecida. Em An\u00e1polis ele apareceu para fazer campanha.<\/p>\n<p>\u2022 Usando uma agenda oficial do Governo de Goi\u00e1s, j\u00e1 que a visita \u00e0 ACIA era para falar das rela\u00e7\u00f5es comerciais do Governo de Goi\u00e1s com vistas \u00e0 importa\u00e7\u00e3o e exporta\u00e7\u00e3o, Daniel tentou empurrar seu candidato avaliando ser a melhor op\u00e7\u00e3o para o setor empresarial da cidade. Detalhe: todo mundo com adesivo no peito, fazendo campanha com a estrutura do governo.<\/p>\n","protected":false},"excerpt":{"rendered":"<p>Daniel Vilela (MDB) chegou \u00e0 reuni\u00e3o da Associa\u00e7\u00e3o Comercial e Industrial de An\u00e1polis de m\u00e3os abanando na \u00faltima sexta-feira (23). Ali\u00e1s, m\u00e3os abanando, mas n\u00e3o vazias: ele carregava M\u00e1rcio Correa (PL) pelo bra\u00e7o para tentar emplacar o candidato\u00a0 aos empres\u00e1rios e investidores de An\u00e1polis. \u2022 Vilela n\u00e3o levou um \u00fanico an\u00fancio de investimentos ou sequer &hellip;<\/p>\n","protected":false},"author":3,"featured_media":74657,"comment_status":"closed","ping_status":"open","sticky":false,"template":"","format":"standard","meta":{"_exactmetrics_skip_tracking":false,"_exactmetrics_sitenote_active":false,"_exactmetrics_sitenote_note":"","_exactmetrics_sitenote_category":0,"footnotes":""},"categories":[18,2],"tags":[],"_links":{"self":[{"href":"https:\/\/goiasemtempo.com.br\/home\/wp-json\/wp\/v2\/posts\/74656"}],"collection":[{"href":"https:\/\/goiasemtempo.com.br\/home\/wp-json\/wp\/v2\/posts"}],"about":[{"href":"https:\/\/goiasemtempo.com.br\/home\/wp-json\/wp\/v2\/types\/post"}],"author":[{"embeddable":true,"href":"https:\/\/goiasemtempo.com.br\/home\/wp-json\/wp\/v2\/users\/3"}],"replies":[{"embeddable":true,"href":"https:\/\/goiasemtempo.com.br\/home\/wp-json\/wp\/v2\/comments?post=74656"}],"version-history":[{"count":1,"href":"https:\/\/goiasemtempo.com.br\/home\/wp-json\/wp\/v2\/posts\/74656\/revisions"}],"predecessor-version":[{"id":74658,"href":"https:\/\/goiasemtempo.com.br\/home\/wp-json\/wp\/v2\/posts\/74656\/revisions\/74658"}],"wp:featuredmedia":[{"embeddable":true,"href":"https:\/\/goiasemtempo.com.br\/home\/wp-json\/wp\/v2\/media\/74657"}],"wp:attachment":[{"href":"https:\/\/goiasemtempo.com.br\/home\/wp-json\/wp\/v2\/media?parent=74656"}],"wp:term":[{"taxonomy":"category","embeddable":true,"href":"https:\/\/goiasemtempo.com.br\/home\/wp-json\/wp\/v2\/categories?post=74656"},{"taxonomy":"post_tag","embeddable":true,"href":"https:\/\/goiasemtempo.com.br\/home\/wp-json\/wp\/v2\/tags?post=74656"}],"curies":[{"name":"wp","href":"https:\/\/api.w.org\/{rel}","templated":true}]}}