{"id":74653,"date":"2024-08-26T13:53:59","date_gmt":"2024-08-26T13:53:59","guid":{"rendered":"https:\/\/goiasemtempo.com.br\/home\/?p=74653"},"modified":"2024-08-26T13:53:59","modified_gmt":"2024-08-26T13:53:59","slug":"cachoeira-leva-para-o-stf-briga-com-juiz-de-fazendas-milionarias-diz-site","status":"publish","type":"post","link":"https:\/\/goiasemtempo.com.br\/home\/cachoeira-leva-para-o-stf-briga-com-juiz-de-fazendas-milionarias-diz-site\/","title":{"rendered":"Cachoeira leva para o STF briga com juiz de fazendas milion\u00e1rias, diz site"},"content":{"rendered":"<p>A guerra do empres\u00e1rio Carlinhos Cachoeira contra o juiz federal Alderico Rocha Santos ter\u00e1 no STF uma de suas pr\u00f3ximas batalhas.<\/p>\n<p>\u2022 Ele acionou o \u00f3rg\u00e3o para reverter uma decis\u00e3o da Justi\u00e7a de Goi\u00e1s que determinou a suspens\u00e3o de onze postagens dele no Instagram que fazem cr\u00edticas, acusa\u00e7\u00f5es e ataques a Rocha Santos al\u00e9m de proibi-lo de fazer novas publica\u00e7\u00f5es sobre o juiz, sob pena de multa di\u00e1ria de R$ 5 mil.<\/p>\n<h3 class=\"p1\"><span class=\"s1\">Liberdade de Express\u00e3o<\/span><\/h3>\n<p>\u2022 Ao STF, os advogados de Carlinhos Cachoeira alegaram censura e viola\u00e7\u00e3o \u00e0 liberdade de express\u00e3o na decis\u00e3o do juiz Rom\u00e9rio do Carmo Cordeiro, da 27\u00aa Vara C\u00edvel de Goi\u00e2nia. O pedido do empres\u00e1rio ser\u00e1 decidido pelo ministro K\u00e1ssio Nunes Marques.<\/p>\n<p>\u2022 As circunst\u00e2ncias concretas deveriam sujeitar o Juiz Federal a um maior n\u00edvel de toler\u00e2ncia \u00e0 exposi\u00e7\u00e3o e escrut\u00ednio pela m\u00eddia e opini\u00e3o p\u00fablica, e n\u00e3o menor. Vale dizer, seu cargo p\u00fablico \u00e9 motivo para que haja ainda maior \u00f4nus argumentativo apto a justificar qualquer restri\u00e7\u00e3o \u00e0 liberdade de informa\u00e7\u00e3o e express\u00e3o no que toca \u00e0 sua pessoa e o exerc\u00edcio de suas atividades p\u00fablicas.<\/p>\n<h3>Fazendas<\/h3>\n<p>\u2022 Cachoeira tenta provar que Santos tem R$ 1 bilh\u00e3o em terras. O juiz diz que pode provar todo o lastro de seu patrim\u00f4nio. A hostilidade entre os dois seria em decorr\u00eancia de Cachoeira ter tido a pris\u00e3o decretada por Alderico Rocha Santos em 2012, na Opera\u00e7\u00e3o Monte Carlo.<\/p>\n<p>\u2022 O empres\u00e1rio j\u00e1 disse ter sido amea\u00e7ado por Santos, alvo de um procedimento disciplinar por comprar duas fazendas de R$ 35 milh\u00f5es. O magistrado, por sua vez, afirmou ao MPF que foi amea\u00e7ado por Cachoeira de ser \u201cdesmoralizado publicamente\u201d.<\/p>\n","protected":false},"excerpt":{"rendered":"<p>A guerra do empres\u00e1rio Carlinhos Cachoeira contra o juiz federal Alderico Rocha Santos ter\u00e1 no STF uma de suas pr\u00f3ximas batalhas. \u2022 Ele acionou o \u00f3rg\u00e3o para reverter uma decis\u00e3o da Justi\u00e7a de Goi\u00e1s que determinou a suspens\u00e3o de onze postagens dele no Instagram que fazem cr\u00edticas, acusa\u00e7\u00f5es e ataques a Rocha Santos al\u00e9m de &hellip;<\/p>\n","protected":false},"author":3,"featured_media":74654,"comment_status":"closed","ping_status":"open","sticky":false,"template":"","format":"standard","meta":{"_exactmetrics_skip_tracking":false,"_exactmetrics_sitenote_active":false,"_exactmetrics_sitenote_note":"","_exactmetrics_sitenote_category":0,"footnotes":""},"categories":[26,19,2,4],"tags":[],"_links":{"self":[{"href":"https:\/\/goiasemtempo.com.br\/home\/wp-json\/wp\/v2\/posts\/74653"}],"collection":[{"href":"https:\/\/goiasemtempo.com.br\/home\/wp-json\/wp\/v2\/posts"}],"about":[{"href":"https:\/\/goiasemtempo.com.br\/home\/wp-json\/wp\/v2\/types\/post"}],"author":[{"embeddable":true,"href":"https:\/\/goiasemtempo.com.br\/home\/wp-json\/wp\/v2\/users\/3"}],"replies":[{"embeddable":true,"href":"https:\/\/goiasemtempo.com.br\/home\/wp-json\/wp\/v2\/comments?post=74653"}],"version-history":[{"count":1,"href":"https:\/\/goiasemtempo.com.br\/home\/wp-json\/wp\/v2\/posts\/74653\/revisions"}],"predecessor-version":[{"id":74655,"href":"https:\/\/goiasemtempo.com.br\/home\/wp-json\/wp\/v2\/posts\/74653\/revisions\/74655"}],"wp:featuredmedia":[{"embeddable":true,"href":"https:\/\/goiasemtempo.com.br\/home\/wp-json\/wp\/v2\/media\/74654"}],"wp:attachment":[{"href":"https:\/\/goiasemtempo.com.br\/home\/wp-json\/wp\/v2\/media?parent=74653"}],"wp:term":[{"taxonomy":"category","embeddable":true,"href":"https:\/\/goiasemtempo.com.br\/home\/wp-json\/wp\/v2\/categories?post=74653"},{"taxonomy":"post_tag","embeddable":true,"href":"https:\/\/goiasemtempo.com.br\/home\/wp-json\/wp\/v2\/tags?post=74653"}],"curies":[{"name":"wp","href":"https:\/\/api.w.org\/{rel}","templated":true}]}}