{"id":74616,"date":"2024-08-02T01:32:12","date_gmt":"2024-08-02T01:32:12","guid":{"rendered":"https:\/\/goiasemtempo.com.br\/home\/?p=74616"},"modified":"2024-08-02T01:32:12","modified_gmt":"2024-08-02T01:32:12","slug":"deficit-de-bancas-examinadoras-sera-zerado-em-anapolis-afirma-detran-goias","status":"publish","type":"post","link":"https:\/\/goiasemtempo.com.br\/home\/deficit-de-bancas-examinadoras-sera-zerado-em-anapolis-afirma-detran-goias\/","title":{"rendered":"D\u00e9ficit de bancas examinadoras ser\u00e1 zerado em An\u00e1polis, afirma Detran Goi\u00e1s"},"content":{"rendered":"<p>O Departamento Estadual de Tr\u00e2nsito de Goi\u00e1s (Detran-GO) anunciou que ir\u00e1 zerar o d\u00e9ficit de vagas em bancas examinadoras em An\u00e1polis em agosto. Neste m\u00eas ser\u00e3o disponibilizadas 2.580 vagas em provas pr\u00e1ticas de dire\u00e7\u00e3o veicular e outras mil vagas para exames te\u00f3ricos para os candidatos \u00e0 Carteira Nacional de Habilita\u00e7\u00e3o do munic\u00edpio.<\/p>\n<p>Em julho, foram 1.290 provas pr\u00e1ticas e cerca de mil exames te\u00f3ricos em An\u00e1polis. Segundo o presidente da autarquia, Delegado Waldir, havia uma demanda dos Centros de Forma\u00e7\u00e3o de Condutores para que o n\u00famero de exames de dire\u00e7\u00e3o veicular fosse aumentado. \u201cT\u00ednhamos uma demanda reprimida de tr\u00eas mil vagas. E vamos zerar isso agora em agosto, atendendo ao pedido dos propriet\u00e1rios de CFCs da regi\u00e3o\u201d, pontua.<\/p>\n<p>Para agosto, est\u00e3o abertas seis bancas: duas na pista Jamil Miguel e quatro na pista do Centro. \u201cNosso objetivo \u00e9 aumentar a oferta de vagas, facilitando o trabalho dos empres\u00e1rios e instrutores e agilizando o processo de habilita\u00e7\u00e3o para os candidatos\u201d, destaca Delegado Waldir. A prova pr\u00e1tica de dire\u00e7\u00e3o veicular \u00e9 a \u00faltima etapa do processo de habilita\u00e7\u00e3o.<\/p>\n<p>O presidente do Detran-GO esclarece que as bancas de Legisla\u00e7\u00e3o de Tr\u00e2nsito (provas te\u00f3ricas) est\u00e3o normalizadas. S\u00e3o realizadas no munic\u00edpio duas vezes por semana, totalizando 280 vagas semanais. \u201cCaso precise, temos capacidade para aumentar. Estamos fazendo o credenciamento e novos examinadores est\u00e3o sendo inseridos nos nossos quadros\u201d, afirma.<\/p>\n<p>Por outro lado, quase 9 mil candidatos podem perder o processo de habilita\u00e7\u00e3o em dezembro, somente em An\u00e1polis. Levantamento da autarquia mostra que 136 mil processos remanescentes da \u00e9poca da pandemia encontram-se sem conclus\u00e3o at\u00e9 o momento. Desses, 9.175 s\u00e3o de An\u00e1polis. O prazo final, estipulado pelo Conselho Nacional de Tr\u00e2nsito (Contran), ap\u00f3s v\u00e1rias prorroga\u00e7\u00f5es, vence em dezembro de 2024.<\/p>\n<p>A orienta\u00e7\u00e3o do Detran-GO \u00e9 para que candidatos e CFCs deem andamento aos processos para evitar a perda do prazo. Muitos processos foram abertos e paralisados nas primeiras etapas. Ap\u00f3s iniciar o processo com a abertura do Registro Nacional de Carteira de Habilita\u00e7\u00e3o (Renach), o candidato deve fazer exame psicol\u00f3gico, m\u00e9dico, curso te\u00f3rico, prova te\u00f3rica, curso pr\u00e1tico e prova pr\u00e1tica de dire\u00e7\u00e3o veicular.<\/p>\n<p>\u201cO cidad\u00e3o deve ficar atento para evitar preju\u00edzo. Se deixar para dar andamento no processo em cima da hora, pode ser que n\u00e3o consiga concluir\u201d, adverte Delegado Waldir. Se o processo vencer, \u00e9 necess\u00e1rio reinici\u00e1-lo todo novamente.<\/p>\n<p>De acordo com a Resolu\u00e7\u00e3o 789\/2020 do Contran, o processo de habilita\u00e7\u00e3o, adi\u00e7\u00e3o ou mudan\u00e7a de categoria tem a validade de 12 meses. Por\u00e9m, devido \u00e0 pandemia v\u00e1rias delibera\u00e7\u00f5es foram sendo publicadas prorrogando os prazos.<\/p>\n<p>A Delibera\u00e7\u00e3o 271\/2023 estendeu at\u00e9 31 de dezembro de 2024 todos os processos ativos nos Detrans at\u00e9 31 de dezembro de 2023. \u201cPara n\u00e3o perder o processo, o candidato deve estar com a carteira emitida at\u00e9 31 de dezembro\u201d, ressalta Delegado Waldir.<\/p>\n","protected":false},"excerpt":{"rendered":"<p>O Departamento Estadual de Tr\u00e2nsito de Goi\u00e1s (Detran-GO) anunciou que ir\u00e1 zerar o d\u00e9ficit de vagas em bancas examinadoras em An\u00e1polis em agosto. Neste m\u00eas ser\u00e3o disponibilizadas 2.580 vagas em provas pr\u00e1ticas de dire\u00e7\u00e3o veicular e outras mil vagas para exames te\u00f3ricos para os candidatos \u00e0 Carteira Nacional de Habilita\u00e7\u00e3o do munic\u00edpio. Em julho, foram &hellip;<\/p>\n","protected":false},"author":3,"featured_media":74618,"comment_status":"closed","ping_status":"open","sticky":false,"template":"","format":"standard","meta":{"_exactmetrics_skip_tracking":false,"_exactmetrics_sitenote_active":false,"_exactmetrics_sitenote_note":"","_exactmetrics_sitenote_category":0,"footnotes":""},"categories":[19,346,4],"tags":[],"_links":{"self":[{"href":"https:\/\/goiasemtempo.com.br\/home\/wp-json\/wp\/v2\/posts\/74616"}],"collection":[{"href":"https:\/\/goiasemtempo.com.br\/home\/wp-json\/wp\/v2\/posts"}],"about":[{"href":"https:\/\/goiasemtempo.com.br\/home\/wp-json\/wp\/v2\/types\/post"}],"author":[{"embeddable":true,"href":"https:\/\/goiasemtempo.com.br\/home\/wp-json\/wp\/v2\/users\/3"}],"replies":[{"embeddable":true,"href":"https:\/\/goiasemtempo.com.br\/home\/wp-json\/wp\/v2\/comments?post=74616"}],"version-history":[{"count":1,"href":"https:\/\/goiasemtempo.com.br\/home\/wp-json\/wp\/v2\/posts\/74616\/revisions"}],"predecessor-version":[{"id":74619,"href":"https:\/\/goiasemtempo.com.br\/home\/wp-json\/wp\/v2\/posts\/74616\/revisions\/74619"}],"wp:featuredmedia":[{"embeddable":true,"href":"https:\/\/goiasemtempo.com.br\/home\/wp-json\/wp\/v2\/media\/74618"}],"wp:attachment":[{"href":"https:\/\/goiasemtempo.com.br\/home\/wp-json\/wp\/v2\/media?parent=74616"}],"wp:term":[{"taxonomy":"category","embeddable":true,"href":"https:\/\/goiasemtempo.com.br\/home\/wp-json\/wp\/v2\/categories?post=74616"},{"taxonomy":"post_tag","embeddable":true,"href":"https:\/\/goiasemtempo.com.br\/home\/wp-json\/wp\/v2\/tags?post=74616"}],"curies":[{"name":"wp","href":"https:\/\/api.w.org\/{rel}","templated":true}]}}