{"id":74542,"date":"2024-06-12T12:04:55","date_gmt":"2024-06-12T12:04:55","guid":{"rendered":"https:\/\/goiasemtempo.com.br\/home\/?p=74542"},"modified":"2024-06-12T12:04:55","modified_gmt":"2024-06-12T12:04:55","slug":"orquestra-sinfonica-de-goiania-celebra-dia-dos-namorados-com-concerto-dimensoes-do-amor","status":"publish","type":"post","link":"https:\/\/goiasemtempo.com.br\/home\/orquestra-sinfonica-de-goiania-celebra-dia-dos-namorados-com-concerto-dimensoes-do-amor\/","title":{"rendered":"Orquestra Sinf\u00f4nica de Goi\u00e2nia celebra Dia dos Namorados com concerto \u2018Dimens\u00f5es do Amor\u2019"},"content":{"rendered":"<div class=\"content-wrapper\">\n<div class=\"post-content-columns\">\n<div class=\"post-content has_thumbnail\">\n<article class=\"template-part-component-the-content\">A Prefeitura de Goi\u00e2nia, por meio da Secretaria Municipal de Cultura (Secult) e Orquestra Sinf\u00f4nica de Goi\u00e2nia (Osgo), apresenta, nesta quinta-feira (13\/6), \u00e0s 20h, mais um concerto gratuito da Temporada 2024. Desta vez, \u201cDimens\u00f5es do Amor\u201d celebra o Dia dos Namorados e re\u00fane no palco do Teatro Goi\u00e2nia integrantes da Orquestra e do Coro Sinf\u00f4nico de Goi\u00e2nia, sob reg\u00eancia da maestra Katarine Ara\u00fajo.<\/p>\n<p>A Osgo convida o p\u00fablico a imergir em um universo de sonhos e imagina\u00e7\u00e3o, explorando um programa de concerto enriquecido por imagens e m\u00faltiplas dimens\u00f5es que abordam a tem\u00e1tica do amor. O repert\u00f3rio da apresenta\u00e7\u00e3o conta com os solistas Rennan Vicente, violino; Patr\u00edcia Melo, soprano; e Alexandre Vaz, tenor.<\/p>\n<p>A orquestra abre as cortinas do teatro com uma se\u00e7\u00e3o de compositores brasileiros, apresentando duas obras primas da m\u00fasica cl\u00e1ssica nacional, a pe\u00e7a de Aylton Escobar para Coro a Capella: \u201cFlora, Cinco Can\u00e7\u00f5es de amor\u201d com poemas de Flora Figueiredo, e com uma das pe\u00e7as mais relevantes da m\u00fasica moderna orquestral no Brasil, a \u201cBachiana n. 4 \u2013 Prel\u00fadio para Cordas\u201d de Heitor Villa-Lobos.<\/p>\n<p>O espet\u00e1culo dar\u00e1 sequ\u00eancia com a participa\u00e7\u00e3o do solista e violinista Rennan Vicente na pe\u00e7a de Jules Massenet: \u201cM\u00e9ditation\u201d ou \u201cMedita\u00e7\u00e3o de Thais\u201d, para orquestra e violino solo composta em 1894. A obra faz parte da \u00f3pera Tha\u00efs, baseada no romance hom\u00f4nimo de Anatole France. A Medita\u00e7\u00e3o \u00e9 um dos trechos mais famosos da \u00f3pera, e se tornou uma pe\u00e7a bastante popular no repert\u00f3rio cl\u00e1ssico de Richard Wagner. O Prel\u00fadio e Morte por Amor, de Trist\u00e3o e Isolda, \u00e9 uma das pe\u00e7as.<\/p>\n<p>\u201cMais uma oportunidade para vermos de perto o talento da nossa Orquestra Sinf\u00f4nica de Goi\u00e2nia, regida com tamanha compet\u00eancia pela maestra Katarine Ara\u00fajo, e estrelado por cantores do Coro Sinf\u00f4nico. O concerto celebra o amor, e n\u00f3s esperamos por voc\u00eas para uma noite inesquec\u00edvel\u201d, pontua o secret\u00e1rio de Cultura, Eduardo de Souza.<\/p>\n<p><strong>Servi\u00e7o<\/strong><br \/>\nAssunto: Orquestra Sinf\u00f4nica de Goi\u00e2nia celebra Dia dos Namorados com concerto \u201cDimens\u00f5es do Amor\u201d<br \/>\nData: Quinta-feira (13\/6)<br \/>\nHor\u00e1rio: 20h<br \/>\nLocal: Teatro Goi\u00e2nia \u2013 Av. Tocantins \u2013 Centro<\/p>\n<p><strong>Secretaria Municipal de Cultura (Secult) \u2013 Prefeitura de Goi\u00e2nia<\/strong><\/p>\n<\/article>\n<\/div>\n<\/div>\n<\/div>\n<div class=\"sidebar-wrapper\">\n<div class=\"dynamic-sidebar-section dss-wrap\">\n<div id=\"nw_related_posts-1000\" class=\"wp-row-widget widget_nw_related_posts\">\n<div class=\"wp-widget widget-related-posts\">\n<div class=\"posts-list\">\n<div class=\"posts\"><\/div>\n<\/div>\n<\/div>\n<\/div>\n<\/div>\n<\/div>\n","protected":false},"excerpt":{"rendered":"<p>A Prefeitura de Goi\u00e2nia, por meio da Secretaria Municipal de Cultura (Secult) e Orquestra Sinf\u00f4nica de Goi\u00e2nia (Osgo), apresenta, nesta quinta-feira (13\/6), \u00e0s 20h, mais um concerto gratuito da Temporada 2024. Desta vez, \u201cDimens\u00f5es do Amor\u201d celebra o Dia dos Namorados e re\u00fane no palco do Teatro Goi\u00e2nia integrantes da Orquestra e do Coro Sinf\u00f4nico &hellip;<\/p>\n","protected":false},"author":3,"featured_media":74543,"comment_status":"closed","ping_status":"open","sticky":false,"template":"","format":"standard","meta":{"_exactmetrics_skip_tracking":false,"_exactmetrics_sitenote_active":false,"_exactmetrics_sitenote_note":"","_exactmetrics_sitenote_category":0,"footnotes":""},"categories":[50,500,19],"tags":[],"_links":{"self":[{"href":"https:\/\/goiasemtempo.com.br\/home\/wp-json\/wp\/v2\/posts\/74542"}],"collection":[{"href":"https:\/\/goiasemtempo.com.br\/home\/wp-json\/wp\/v2\/posts"}],"about":[{"href":"https:\/\/goiasemtempo.com.br\/home\/wp-json\/wp\/v2\/types\/post"}],"author":[{"embeddable":true,"href":"https:\/\/goiasemtempo.com.br\/home\/wp-json\/wp\/v2\/users\/3"}],"replies":[{"embeddable":true,"href":"https:\/\/goiasemtempo.com.br\/home\/wp-json\/wp\/v2\/comments?post=74542"}],"version-history":[{"count":1,"href":"https:\/\/goiasemtempo.com.br\/home\/wp-json\/wp\/v2\/posts\/74542\/revisions"}],"predecessor-version":[{"id":74544,"href":"https:\/\/goiasemtempo.com.br\/home\/wp-json\/wp\/v2\/posts\/74542\/revisions\/74544"}],"wp:featuredmedia":[{"embeddable":true,"href":"https:\/\/goiasemtempo.com.br\/home\/wp-json\/wp\/v2\/media\/74543"}],"wp:attachment":[{"href":"https:\/\/goiasemtempo.com.br\/home\/wp-json\/wp\/v2\/media?parent=74542"}],"wp:term":[{"taxonomy":"category","embeddable":true,"href":"https:\/\/goiasemtempo.com.br\/home\/wp-json\/wp\/v2\/categories?post=74542"},{"taxonomy":"post_tag","embeddable":true,"href":"https:\/\/goiasemtempo.com.br\/home\/wp-json\/wp\/v2\/tags?post=74542"}],"curies":[{"name":"wp","href":"https:\/\/api.w.org\/{rel}","templated":true}]}}