{"id":74334,"date":"2024-05-11T11:52:56","date_gmt":"2024-05-11T11:52:56","guid":{"rendered":"https:\/\/goiasemtempo.com.br\/home\/?p=74334"},"modified":"2024-05-11T11:52:56","modified_gmt":"2024-05-11T11:52:56","slug":"deputado-denuncia-tramitacao-do-pl-2370-que-pode-afetar-permanencia-de-redes-sociais-no-brasil","status":"publish","type":"post","link":"https:\/\/goiasemtempo.com.br\/home\/deputado-denuncia-tramitacao-do-pl-2370-que-pode-afetar-permanencia-de-redes-sociais-no-brasil\/","title":{"rendered":"Deputado denuncia tramita\u00e7\u00e3o do PL 2370, que pode afetar perman\u00eancia de redes sociais no Brasil"},"content":{"rendered":"<p>O deputado Gustavo Gayer usou suas redes sociais para alertar sobre a tramita\u00e7\u00e3o do Projeto de Lei 2370\/2019, que promete reformular significativamente a Lei de Direitos Autorais brasileira, tem suscitado um debate acalorado sobre o futuro das plataformas de redes sociais no Brasil. A proposta, apresentada pela deputada federal Jandira Feghali (PCdoB\/RJ), visa modificar amplamente a legisla\u00e7\u00e3o vigente, estabelecendo novos par\u00e2metros para a gest\u00e3o de direitos autorais e intera\u00e7\u00f5es entre criadores de conte\u00fado, usu\u00e1rios e plataformas digitais.<\/p>\n<p>Entre as altera\u00e7\u00f5es mais significativas, o PL prop\u00f5e a regulamenta\u00e7\u00e3o de como as plataformas de redes sociais dever\u00e3o tratar conte\u00fados protegidos por direitos autorais. De acordo com o projeto, essas plataformas poder\u00e3o ser responsabilizadas por remunerar os titulares de direitos autorais sempre que obras forem disponibilizadas ao p\u00fablico sem a devida autoriza\u00e7\u00e3o, configurando uma mudan\u00e7a que pode afetar diretamente o modelo de neg\u00f3cios de empresas como Facebook, YouTube e outras.<\/p>\n<div class=\"code-block code-block-5\"><ins class=\"adsbygoogle\" data-ad-layout=\"in-article\" data-ad-format=\"fluid\" data-ad-client=\"ca-pub-2026331402287950\" data-ad-slot=\"8790786204\" data-adsbygoogle-status=\"done\" data-ad-status=\"unfilled\"><\/p>\n<div id=\"aswift_3_host\"><span style=\"background-color: #ffffff;\">Parlamentares da oposi\u00e7\u00e3o apontam que, enquanto a medida busca \u2018proteger\u2019 os direitos dos criadores e assegurar uma remunera\u00e7\u00e3o justa pelo uso de suas obras, tamb\u00e9m pode resultar em desafios para as plataformas que dependem do compartilhamento de conte\u00fado gerado pelo usu\u00e1rio. H\u00e1 uma preocupa\u00e7\u00e3o de que a implementa\u00e7\u00e3o rigorosa dessas regras possa levar a uma maior censura ou mesmo \u00e0 limita\u00e7\u00e3o na liberdade de express\u00e3o online, \u00e0 medida que as plataformas podem optar por restringir o compartilhamento de conte\u00fado para evitar lit\u00edgios e responsabilidades legais.<\/span><\/div>\n<div><\/div>\n<p><\/ins><\/div>\n<div class=\"google-auto-placed ap_container\"><ins class=\"adsbygoogle adsbygoogle-noablate\" data-ad-format=\"auto\" data-ad-client=\"ca-pub-2026331402287950\" data-adsbygoogle-status=\"done\" data-ad-status=\"unfilled\"><\/p>\n<div id=\"aswift_7_host\"><\/div>\n<p><\/ins><\/div>\n<p>A discuss\u00e3o tamb\u00e9m se estende \u00e0 maneira como as plataformas dever\u00e3o implementar mecanismos de detec\u00e7\u00e3o e bloqueio de conte\u00fado protegido. A lei atual j\u00e1 exige que plataformas removam conte\u00fado mediante notifica\u00e7\u00e3o, mas o novo projeto busca instituir um sistema mais proativo e, potencialmente, mais intrusivo, que poderia complicar as opera\u00e7\u00f5es normais desses servi\u00e7os.<\/p>\n","protected":false},"excerpt":{"rendered":"<p>O deputado Gustavo Gayer usou suas redes sociais para alertar sobre a tramita\u00e7\u00e3o do Projeto de Lei 2370\/2019, que promete reformular significativamente a Lei de Direitos Autorais brasileira, tem suscitado um debate acalorado sobre o futuro das plataformas de redes sociais no Brasil. A proposta, apresentada pela deputada federal Jandira Feghali (PCdoB\/RJ), visa modificar amplamente &hellip;<\/p>\n","protected":false},"author":3,"featured_media":74335,"comment_status":"closed","ping_status":"open","sticky":false,"template":"","format":"standard","meta":{"_exactmetrics_skip_tracking":false,"_exactmetrics_sitenote_active":false,"_exactmetrics_sitenote_note":"","_exactmetrics_sitenote_category":0,"footnotes":""},"categories":[19,2,67],"tags":[],"_links":{"self":[{"href":"https:\/\/goiasemtempo.com.br\/home\/wp-json\/wp\/v2\/posts\/74334"}],"collection":[{"href":"https:\/\/goiasemtempo.com.br\/home\/wp-json\/wp\/v2\/posts"}],"about":[{"href":"https:\/\/goiasemtempo.com.br\/home\/wp-json\/wp\/v2\/types\/post"}],"author":[{"embeddable":true,"href":"https:\/\/goiasemtempo.com.br\/home\/wp-json\/wp\/v2\/users\/3"}],"replies":[{"embeddable":true,"href":"https:\/\/goiasemtempo.com.br\/home\/wp-json\/wp\/v2\/comments?post=74334"}],"version-history":[{"count":1,"href":"https:\/\/goiasemtempo.com.br\/home\/wp-json\/wp\/v2\/posts\/74334\/revisions"}],"predecessor-version":[{"id":74336,"href":"https:\/\/goiasemtempo.com.br\/home\/wp-json\/wp\/v2\/posts\/74334\/revisions\/74336"}],"wp:featuredmedia":[{"embeddable":true,"href":"https:\/\/goiasemtempo.com.br\/home\/wp-json\/wp\/v2\/media\/74335"}],"wp:attachment":[{"href":"https:\/\/goiasemtempo.com.br\/home\/wp-json\/wp\/v2\/media?parent=74334"}],"wp:term":[{"taxonomy":"category","embeddable":true,"href":"https:\/\/goiasemtempo.com.br\/home\/wp-json\/wp\/v2\/categories?post=74334"},{"taxonomy":"post_tag","embeddable":true,"href":"https:\/\/goiasemtempo.com.br\/home\/wp-json\/wp\/v2\/tags?post=74334"}],"curies":[{"name":"wp","href":"https:\/\/api.w.org\/{rel}","templated":true}]}}