{"id":74282,"date":"2024-05-05T17:44:57","date_gmt":"2024-05-05T17:44:57","guid":{"rendered":"https:\/\/goiasemtempo.com.br\/home\/?p=74282"},"modified":"2024-05-05T17:44:57","modified_gmt":"2024-05-05T17:44:57","slug":"governo-lula-proibe-evangelizacao-em-presidios-para-preservar-liberdade-de-crenca","status":"publish","type":"post","link":"https:\/\/goiasemtempo.com.br\/home\/governo-lula-proibe-evangelizacao-em-presidios-para-preservar-liberdade-de-crenca\/","title":{"rendered":"Governo Lula pro\u00edbe evangeliza\u00e7\u00e3o em pres\u00eddios para preservar \u201cliberdade de cren\u00e7a\u201d"},"content":{"rendered":"<p>O Conselho Nacional de Pol\u00edtica Criminal e Penitenci\u00e1ria (CNPCP), ligado ao Minist\u00e9rio da Justi\u00e7a e Seguran\u00e7a P\u00fablica, implementou uma nova resolu\u00e7\u00e3o que pro\u00edbe a convers\u00e3o religiosa de detentos nos pres\u00eddios. Publicada no Di\u00e1rio Oficial da Uni\u00e3o na \u00faltima segunda-feira, a medida tamb\u00e9m impede a cobran\u00e7a de contribui\u00e7\u00f5es financeiras a igrejas pelos detentos.<\/p>\n<p>A decis\u00e3o, no entanto, despertou rea\u00e7\u00f5es adversas entre membros da bancada evang\u00e9lica no Congresso Nacional, que a interpretam como uma restri\u00e7\u00e3o ao proselitismo religioso. \u201cIsso impede qualquer tentativa de convers\u00e3o dos detentos para outra religi\u00e3o que n\u00e3o a sua atual ou que os incentive a adotar uma nova cren\u00e7a,\u201d expressou o deputado federal Cabo Junio Amaral (PL-MG), que considera a norma uma \u201cpersegui\u00e7\u00e3o religiosa\u201d e convidou Douglas Martins, presidente do CNPCP, a prestar esclarecimentos na C\u00e2mara dos Deputados.<\/p>\n<div class=\"code-block code-block-5\"><ins class=\"adsbygoogle\" data-ad-layout=\"in-article\" data-ad-format=\"fluid\" data-ad-client=\"ca-pub-2026331402287950\" data-ad-slot=\"8790786204\" data-adsbygoogle-status=\"done\" data-ad-status=\"unfilled\"><\/p>\n<div id=\"aswift_3_host\"><span style=\"background-color: #ffffff;\">Por sua vez, o deputado federal Messias Donato (Republicanos-ES) lamentou que a resolu\u00e7\u00e3o restrinja a propaga\u00e7\u00e3o da mensagem religiosa nos pres\u00eddios, argumentando que ela priva os detentos de ouvir sobre \u201carrependimento\u201d e \u201cperd\u00e3o\u201d.<\/span><\/div>\n<div><\/div>\n<p><\/ins><\/div>\n<p>Apesar das cr\u00edticas, a resolu\u00e7\u00e3o destaca que as autoridades prisionais devem assegurar condi\u00e7\u00f5es apropriadas para a pr\u00e1tica religiosa dos presos, oferecendo espa\u00e7os adequados para tais atividades. Grupos religiosos continuam tendo permiss\u00e3o para visitar os pres\u00eddios, contanto que as visitas n\u00e3o visem \u00e0 convers\u00e3o.<\/p>\n<p>A norma tamb\u00e9m garante assist\u00eancia s\u00f3cio-espiritual, desde que n\u00e3o seja usada para fins disciplinares ou correcionais, ou para conceder privil\u00e9gios. Os detentos ainda podem usar vestimentas religiosas distintivas, desde que estas n\u00e3o se confundam com os uniformes dos presos ou dos agentes de seguran\u00e7a.<\/p>\n<p>Esta resolu\u00e7\u00e3o \u00e9 fundamentada na Declara\u00e7\u00e3o Universal dos Direitos Humanos da ONU, na Lei de Execu\u00e7\u00e3o Penal brasileira e no artigo 19 da Constitui\u00e7\u00e3o Federal, que pro\u00edbe a associa\u00e7\u00e3o entre igrejas e o poder p\u00fablico.<\/p>\n<div class=\"code-block code-block-7\"><\/div>\n","protected":false},"excerpt":{"rendered":"<p>O Conselho Nacional de Pol\u00edtica Criminal e Penitenci\u00e1ria (CNPCP), ligado ao Minist\u00e9rio da Justi\u00e7a e Seguran\u00e7a P\u00fablica, implementou uma nova resolu\u00e7\u00e3o que pro\u00edbe a convers\u00e3o religiosa de detentos nos pres\u00eddios. Publicada no Di\u00e1rio Oficial da Uni\u00e3o na \u00faltima segunda-feira, a medida tamb\u00e9m impede a cobran\u00e7a de contribui\u00e7\u00f5es financeiras a igrejas pelos detentos. A decis\u00e3o, no &hellip;<\/p>\n","protected":false},"author":3,"featured_media":74283,"comment_status":"closed","ping_status":"open","sticky":false,"template":"","format":"standard","meta":{"footnotes":""},"categories":[4],"tags":[],"class_list":["post-74282","post","type-post","status-publish","format-standard","has-post-thumbnail","hentry","category-ultimas-noticias"],"_links":{"self":[{"href":"https:\/\/goiasemtempo.com.br\/home\/wp-json\/wp\/v2\/posts\/74282","targetHints":{"allow":["GET"]}}],"collection":[{"href":"https:\/\/goiasemtempo.com.br\/home\/wp-json\/wp\/v2\/posts"}],"about":[{"href":"https:\/\/goiasemtempo.com.br\/home\/wp-json\/wp\/v2\/types\/post"}],"author":[{"embeddable":true,"href":"https:\/\/goiasemtempo.com.br\/home\/wp-json\/wp\/v2\/users\/3"}],"replies":[{"embeddable":true,"href":"https:\/\/goiasemtempo.com.br\/home\/wp-json\/wp\/v2\/comments?post=74282"}],"version-history":[{"count":1,"href":"https:\/\/goiasemtempo.com.br\/home\/wp-json\/wp\/v2\/posts\/74282\/revisions"}],"predecessor-version":[{"id":74284,"href":"https:\/\/goiasemtempo.com.br\/home\/wp-json\/wp\/v2\/posts\/74282\/revisions\/74284"}],"wp:featuredmedia":[{"embeddable":true,"href":"https:\/\/goiasemtempo.com.br\/home\/wp-json\/wp\/v2\/media\/74283"}],"wp:attachment":[{"href":"https:\/\/goiasemtempo.com.br\/home\/wp-json\/wp\/v2\/media?parent=74282"}],"wp:term":[{"taxonomy":"category","embeddable":true,"href":"https:\/\/goiasemtempo.com.br\/home\/wp-json\/wp\/v2\/categories?post=74282"},{"taxonomy":"post_tag","embeddable":true,"href":"https:\/\/goiasemtempo.com.br\/home\/wp-json\/wp\/v2\/tags?post=74282"}],"curies":[{"name":"wp","href":"https:\/\/api.w.org\/{rel}","templated":true}]}}