{"id":73939,"date":"2024-04-04T11:02:41","date_gmt":"2024-04-04T11:02:41","guid":{"rendered":"https:\/\/goiasemtempo.com.br\/home\/?p=73939"},"modified":"2024-04-04T11:02:41","modified_gmt":"2024-04-04T11:02:41","slug":"com-baixa-procura-em-goiania-vacinas-contra-dengue-serao-doadas-para-outras-cidades","status":"publish","type":"post","link":"https:\/\/goiasemtempo.com.br\/home\/com-baixa-procura-em-goiania-vacinas-contra-dengue-serao-doadas-para-outras-cidades\/","title":{"rendered":"Com baixa procura em Goi\u00e2nia, vacinas contra dengue ser\u00e3o doadas para outras cidades"},"content":{"rendered":"<p>Devido a baixa procura de vacinas contra a dengue em Goi\u00e2nia, diversas doses foram remanejadas para outras cidades em Goi\u00e1s.<\/p>\n<p>A determina\u00e7\u00e3o partiu da Secretaria de Estado da Sa\u00fade de Goi\u00e1s (SES-GO), para evitar perca doses, que tem validade at\u00e9 o pr\u00f3ximo dia 30 de abril.<\/p>\n<p>A campanha de vacina\u00e7\u00e3o teve in\u00edcio no dia 15 de fevereiro deste ano e est\u00e1 aberta para crian\u00e7as e adolescentes entre 10 a 14 anos.<\/p>\n<p>A capital goiana recebeu mais de 34,3 mil doses, com aplica\u00e7\u00e3o de 18 mil, o que representa 52,7% de imuniza\u00e7\u00e3o. Goi\u00e2nia deve ficar com 10% do estoque atual.<\/p>\n<h2>Dengue em Goi\u00e1s<\/h2>\n<p>Dados do boletim da dengue, apontam que Goi\u00e1s conta com mais de 70,8 mil casos confirmados da doen\u00e7a no estado.<\/p>\n<div class=\"jeg_ad jeg_ad_article jnews_content_inline_2_ads\">\n<div class=\"ads-wrapper align-center\">\n<div class=\"ads_code\">\n<div id=\"div-gpt-ad-1674745150230-0\" data-google-query-id=\"CN7Cx-izqIUDFYhLuAQd1x0Jtw\">\n<div id=\"google_ads_iframe_\/168980527\/dia-retangular-responsivo-posicao-2-texto-da-noticia_0__container__\">Segundo o Comit\u00ea de Investiga\u00e7\u00e3o de \u00d3bito Suspeito por Arboviroses, 74 mortes foram confirmadas e outras 106 est\u00e3o em investiga\u00e7\u00e3o.<\/div>\n<\/div>\n<\/div>\n<\/div>\n<\/div>\n<p>Atualmente, 145 munic\u00edpios est\u00e3o em situa\u00e7\u00e3o de emerg\u00eancia para arboviroses.<\/p>\n<p>&nbsp;<\/p>\n<figure id=\"attachment_608553\" class=\"wp-caption aligncenter\" aria-describedby=\"caption-attachment-608553\"><img fetchpriority=\"high\" decoding=\"async\" class=\"wp-image-608553 size-full perfmatters-lazy entered pmloaded\" src=\"https:\/\/diaonline.ig.com.br\/wp-content\/uploads\/2024\/04\/dengue-em-goias-.jpg\" sizes=\"(max-width: 1000px) 100vw, 1000px\" srcset=\"https:\/\/diaonline.ig.com.br\/wp-content\/uploads\/2024\/04\/dengue-em-goias-.jpg 1000w,   https:\/\/diaonline.ig.com.br\/wp-content\/uploads\/2024\/04\/dengue-em-goias--300x169.jpg 300w,   https:\/\/diaonline.ig.com.br\/wp-content\/uploads\/2024\/04\/dengue-em-goias--768x432.jpg 768w,   https:\/\/diaonline.ig.com.br\/wp-content\/uploads\/2024\/04\/dengue-em-goias--750x422.jpg 750w\" alt=\"dengue em Goi\u00e1s\" width=\"1000\" height=\"562\" data-src=\"https:\/\/diaonline.ig.com.br\/wp-content\/uploads\/2024\/04\/dengue-em-goias-.jpg\" data-srcset=\"https:\/\/diaonline.ig.com.br\/wp-content\/uploads\/2024\/04\/dengue-em-goias-.jpg 1000w,   https:\/\/diaonline.ig.com.br\/wp-content\/uploads\/2024\/04\/dengue-em-goias--300x169.jpg 300w,   https:\/\/diaonline.ig.com.br\/wp-content\/uploads\/2024\/04\/dengue-em-goias--768x432.jpg 768w,   https:\/\/diaonline.ig.com.br\/wp-content\/uploads\/2024\/04\/dengue-em-goias--750x422.jpg 750w\" data-sizes=\"(max-width: 1000px) 100vw, 1000px\" data-pin-no-hover=\"true\" data-ll-status=\"loaded\" \/><figcaption id=\"caption-attachment-608553\" class=\"wp-caption-text\">Mosquito causador da dengue. Foto: Envato<\/figcaption><\/figure>\n<h3>Secretaria Municipal de Sa\u00fade fala sobre vacinas contra dengue<\/h3>\n<p><em>\u201cA Secretaria Municipal de Sa\u00fade (SMS) informa que, por determina\u00e7\u00e3o da Secretaria de Estado da Sa\u00fade de Goi\u00e1s (SES-GO), todas as vacinas Qdenga, contra a dengue, est\u00e3o sendo recolhidas para remanejamento com outros munic\u00edpios. A estrat\u00e9gia da SES-GO tem como objetivo evitar perda de doses, uma vez que todas vencem no pr\u00f3ximo dia 30 de abril.<\/em><\/p>\n<p><em>At\u00e9 o momento, Goi\u00e2nia aplicou 18.036 doses do imunizante, o que representa 52,7% do total de 34.234 doses recebidas pelo munic\u00edpio. A vacina\u00e7\u00e3o se destina a crian\u00e7as e adolescentes de 10 a 14 anos, e teve in\u00edcio em 15 de fevereiro de 2024.<\/em><\/p>\n<p><em>A expectativa \u00e9 que o munic\u00edpio fique com 10% do estoque existente atualmente. A SMS aguarda o n\u00famero de doses que ficar\u00e3o no munic\u00edpio, para definir a quantidade de unidades que continuar\u00e1 aplicando o imunizante. A previs\u00e3o \u00e9 que at\u00e9 esta quarta-feira (3\/4), a vacina\u00e7\u00e3o volte a ser realizada na Capital\u201d.\u00a0<\/em><\/p>\n","protected":false},"excerpt":{"rendered":"<p>Devido a baixa procura de vacinas contra a dengue em Goi\u00e2nia, diversas doses foram remanejadas para outras cidades em Goi\u00e1s. A determina\u00e7\u00e3o partiu da Secretaria de Estado da Sa\u00fade de Goi\u00e1s (SES-GO), para evitar perca doses, que tem validade at\u00e9 o pr\u00f3ximo dia 30 de abril. A campanha de vacina\u00e7\u00e3o teve in\u00edcio no dia 15 &hellip;<\/p>\n","protected":false},"author":3,"featured_media":73940,"comment_status":"closed","ping_status":"open","sticky":false,"template":"","format":"standard","meta":{"_exactmetrics_skip_tracking":false,"_exactmetrics_sitenote_active":false,"_exactmetrics_sitenote_note":"","_exactmetrics_sitenote_category":0,"footnotes":""},"categories":[15,19,16],"tags":[],"_links":{"self":[{"href":"https:\/\/goiasemtempo.com.br\/home\/wp-json\/wp\/v2\/posts\/73939"}],"collection":[{"href":"https:\/\/goiasemtempo.com.br\/home\/wp-json\/wp\/v2\/posts"}],"about":[{"href":"https:\/\/goiasemtempo.com.br\/home\/wp-json\/wp\/v2\/types\/post"}],"author":[{"embeddable":true,"href":"https:\/\/goiasemtempo.com.br\/home\/wp-json\/wp\/v2\/users\/3"}],"replies":[{"embeddable":true,"href":"https:\/\/goiasemtempo.com.br\/home\/wp-json\/wp\/v2\/comments?post=73939"}],"version-history":[{"count":1,"href":"https:\/\/goiasemtempo.com.br\/home\/wp-json\/wp\/v2\/posts\/73939\/revisions"}],"predecessor-version":[{"id":73941,"href":"https:\/\/goiasemtempo.com.br\/home\/wp-json\/wp\/v2\/posts\/73939\/revisions\/73941"}],"wp:featuredmedia":[{"embeddable":true,"href":"https:\/\/goiasemtempo.com.br\/home\/wp-json\/wp\/v2\/media\/73940"}],"wp:attachment":[{"href":"https:\/\/goiasemtempo.com.br\/home\/wp-json\/wp\/v2\/media?parent=73939"}],"wp:term":[{"taxonomy":"category","embeddable":true,"href":"https:\/\/goiasemtempo.com.br\/home\/wp-json\/wp\/v2\/categories?post=73939"},{"taxonomy":"post_tag","embeddable":true,"href":"https:\/\/goiasemtempo.com.br\/home\/wp-json\/wp\/v2\/tags?post=73939"}],"curies":[{"name":"wp","href":"https:\/\/api.w.org\/{rel}","templated":true}]}}