{"id":73932,"date":"2024-04-03T11:51:16","date_gmt":"2024-04-03T11:51:16","guid":{"rendered":"https:\/\/goiasemtempo.com.br\/home\/?p=73932"},"modified":"2024-04-03T11:51:16","modified_gmt":"2024-04-03T11:51:16","slug":"filho-cacula-de-lula-e-acusado-de-agr3ssao-contra-ex-companheira","status":"publish","type":"post","link":"https:\/\/goiasemtempo.com.br\/home\/filho-cacula-de-lula-e-acusado-de-agr3ssao-contra-ex-companheira\/","title":{"rendered":"Filho ca\u00e7ula de Lula \u00e9 acusado de agr3ss\u00e3o contra ex-companheira"},"content":{"rendered":"<p>O filho ca\u00e7ula do presidente Luiz In\u00e1cio Lula da Silva, Lu\u00eds Cl\u00e1udio Lula da Silva, aos 39 anos, est\u00e1 sendo acusado ap\u00f3s uma m\u00e9dica, sua ex-companheira, relatar uma s\u00e9rie de agress\u00f5es durante o relacionamento de aproximadamente dois anos. As den\u00fancias foram formalizadas em um boletim de ocorr\u00eancia eletr\u00f4nico registrado na Delegacia da Mulher em S\u00e3o Paulo, nesta ter\u00e7a-feira (2). A v\u00edtima, uma m\u00e9dica de 29 anos, detalhou as agress\u00f5es em uma subsequente videoconfer\u00eancia com as autoridades.<\/p>\n<p>De acordo com o relato da m\u00e9dica, Lu\u00eds Cl\u00e1udio teria cometido \u201cagress\u00f5es f\u00edsicas, verbais, psicol\u00f3gicas e morais\u201d, incluindo um epis\u00f3dio onde desferiu \u201cuma cotovelada na barriga\u201d dela durante um desentendimento no final de janeiro deste ano. A intensifica\u00e7\u00e3o desses epis\u00f3dios teria afetado significativamente a sa\u00fade f\u00edsica e mental da v\u00edtima, que precisou ser afastada do trabalho e hospitalizada por crises de ansiedade.<\/p>\n<p>Al\u00e9m das agress\u00f5es, a m\u00e9dica acusa Lu\u00eds Cl\u00e1udio de proferir amea\u00e7as e insultos constantes, al\u00e9m de comportamentos de risco, como manter rela\u00e7\u00f5es s*xu@is desprotegidas com outras mulheres e chegar em casa embriagado. Ela tamb\u00e9m alega ser manipulada e coagida a silenciar sobre os abusos, com o acusado supostamente utilizando sua posi\u00e7\u00e3o como filho do presidente para intimid\u00e1-la.<\/p>\n<p>Em outra faceta de sua vida, Lu\u00eds Cl\u00e1udio atua como diretor de futebol no Parintins Futebol Clube, do Amazonas. O clube recentemente obteve autoriza\u00e7\u00e3o do Minist\u00e9rio do Esporte para captar R$ 1,5 milh\u00e3o destinados a projetos de forma\u00e7\u00e3o para jovens atletas. Al\u00e9m disso, Lu\u00eds Cl\u00e1udio chamou aten\u00e7\u00e3o ao defender publicamente o legado de sua m\u00e3e, a ex-primeira-dama Marisa Let\u00edcia, falecida em 2017, em uma pol\u00eamica envolvendo uma postagem do presidente Lula nas redes sociais.<\/p>\n<p>&nbsp;<\/p>\n","protected":false},"excerpt":{"rendered":"<p>O filho ca\u00e7ula do presidente Luiz In\u00e1cio Lula da Silva, Lu\u00eds Cl\u00e1udio Lula da Silva, aos 39 anos, est\u00e1 sendo acusado ap\u00f3s uma m\u00e9dica, sua ex-companheira, relatar uma s\u00e9rie de agress\u00f5es durante o relacionamento de aproximadamente dois anos. As den\u00fancias foram formalizadas em um boletim de ocorr\u00eancia eletr\u00f4nico registrado na Delegacia da Mulher em S\u00e3o &hellip;<\/p>\n","protected":false},"author":3,"featured_media":73933,"comment_status":"closed","ping_status":"open","sticky":false,"template":"","format":"standard","meta":{"_exactmetrics_skip_tracking":false,"_exactmetrics_sitenote_active":false,"_exactmetrics_sitenote_note":"","_exactmetrics_sitenote_category":0,"footnotes":""},"categories":[4],"tags":[],"_links":{"self":[{"href":"https:\/\/goiasemtempo.com.br\/home\/wp-json\/wp\/v2\/posts\/73932"}],"collection":[{"href":"https:\/\/goiasemtempo.com.br\/home\/wp-json\/wp\/v2\/posts"}],"about":[{"href":"https:\/\/goiasemtempo.com.br\/home\/wp-json\/wp\/v2\/types\/post"}],"author":[{"embeddable":true,"href":"https:\/\/goiasemtempo.com.br\/home\/wp-json\/wp\/v2\/users\/3"}],"replies":[{"embeddable":true,"href":"https:\/\/goiasemtempo.com.br\/home\/wp-json\/wp\/v2\/comments?post=73932"}],"version-history":[{"count":1,"href":"https:\/\/goiasemtempo.com.br\/home\/wp-json\/wp\/v2\/posts\/73932\/revisions"}],"predecessor-version":[{"id":73934,"href":"https:\/\/goiasemtempo.com.br\/home\/wp-json\/wp\/v2\/posts\/73932\/revisions\/73934"}],"wp:featuredmedia":[{"embeddable":true,"href":"https:\/\/goiasemtempo.com.br\/home\/wp-json\/wp\/v2\/media\/73933"}],"wp:attachment":[{"href":"https:\/\/goiasemtempo.com.br\/home\/wp-json\/wp\/v2\/media?parent=73932"}],"wp:term":[{"taxonomy":"category","embeddable":true,"href":"https:\/\/goiasemtempo.com.br\/home\/wp-json\/wp\/v2\/categories?post=73932"},{"taxonomy":"post_tag","embeddable":true,"href":"https:\/\/goiasemtempo.com.br\/home\/wp-json\/wp\/v2\/tags?post=73932"}],"curies":[{"name":"wp","href":"https:\/\/api.w.org\/{rel}","templated":true}]}}