{"id":73782,"date":"2024-03-19T11:02:18","date_gmt":"2024-03-19T11:02:18","guid":{"rendered":"https:\/\/goiasemtempo.com.br\/home\/?p=73782"},"modified":"2024-03-19T11:02:18","modified_gmt":"2024-03-19T11:02:18","slug":"goias-criou-quase-15-mil-novos-empregos-formais-em-janeiro","status":"publish","type":"post","link":"https:\/\/goiasemtempo.com.br\/home\/goias-criou-quase-15-mil-novos-empregos-formais-em-janeiro\/","title":{"rendered":"Goi\u00e1s criou quase 15 mil novos empregos formais em janeiro"},"content":{"rendered":"<p style=\"font-weight: 400;\">O estado de Goi\u00e1s criou 14.926 novos postos formais de<br \/>\ntrabalho no m\u00eas de janeiro de 2024. Com o aumento, o estado atingiu a marca de<br \/>\n1,533 milh\u00e3o de pessoas empregadas formalmente, segundo dados do Novo Cadastro<br \/>\nGeral de Empregados e Desempregados (Novo Caged), divulgados pelo Minist\u00e9rio do<br \/>\nTrabalho e Emprego (MTE) e validados pelo Instituto Mauro Borges (IMB).<\/p>\n<p style=\"font-weight: 400;\">O saldo \u00e9 reflexo de 86.239 admiss\u00f5es e 71.313<br \/>\ndesligamentos, representando um aumento de 59% na cria\u00e7\u00e3o de vagas em rela\u00e7\u00e3o<br \/>\nao mesmo per\u00edodo de 2023.<\/p>\n<p style=\"font-weight: 400;\">\u201cAbrir o ano com n\u00fameros t\u00e3o impactantes, melhores at\u00e9 mesmo<br \/>\ndo que os dados do in\u00edcio de 2023, demonstra que o Governo de Goi\u00e1s est\u00e1 no<br \/>\ncaminho certo, ao priorizar o bem-estar da popula\u00e7\u00e3o com a gera\u00e7\u00e3o cont\u00ednua de<br \/>\nnovos cargos, garantindo o sustento e a renda de todos os goianos que buscam por<br \/>\ntrabalho\u201d, comemora o titular da Secretaria de Estado de Ind\u00fastria, Com\u00e9rcio e<br \/>\nServi\u00e7os (SIC), Joel de Sant\u2019Anna Braga Filho.<\/p>\n<p style=\"font-weight: 400;\">O aumento na quantidade de empregados com carteira assinada<br \/>\nrepresenta um avan\u00e7o de 0,98% no n\u00famero de trabalhadores em Goi\u00e1s. O resultado<br \/>\n\u00e9 o 4\u00ba melhor do Brasil e mais que o dobro da m\u00e9dia brasileira, que foi de<br \/>\n0,40%.<\/p>\n<p style=\"font-weight: 400;\">Goi\u00e1s tamb\u00e9m obteve a segunda maior taxa de crescimento de<br \/>\nempregados na regi\u00e3o Centro-Oeste, ficando atr\u00e1s apenas de Mato Grosso (1,88%)<br \/>\ne \u00e0 frente do Mato Grosso do Sul (0,76%) e do Distrito Federal (0,30%).<\/p>\n<p style=\"font-weight: 400;\">\u201cOs dados mostram a efetividade das pol\u00edticas p\u00fablicas<br \/>\nimplementadas pela gest\u00e3o de direcionamento dos goianos para melhores<br \/>\noportunidades de emprego. E al\u00e9m de refletir o potencial econ\u00f4mico do estado,<br \/>\ntamb\u00e9m mostram a sua capacidade de atrair e fortalecer pequenas e grandes<br \/>\nempresas em todos os setores\u201d, destaca o secret\u00e1rio-geral de Governo, Adriano<br \/>\nda Rocha Lima.<\/p>\n<p style=\"font-weight: 400;\">Ap\u00f3s seis meses desempregado e em busca de novas<br \/>\noportunidades, Jo\u00e3o Samuel Souza dos Santos, 20 anos, foi um dos que<br \/>\nconseguiram se recolocar novamente no mercado de trabalho em janeiro.<br \/>\n\u201cEstabelecer-me logo no come\u00e7o do ano me permite uma certa seguran\u00e7a e<br \/>\nestabilidade\u201d, afirma.<\/p>\n<p style=\"font-weight: 400;\">O emprego obtido pelo estudante universit\u00e1rio \u00e9 englobado<br \/>\npela categoria de servi\u00e7os, em que as atividades de informa\u00e7\u00e3o, comunica\u00e7\u00e3o e<br \/>\natividades financeiras, imobili\u00e1rias, profissionais e administrativas foram as<br \/>\ndetentoras dos n\u00fameros mais expressivos, ao registrar 3.667 novas vagas<br \/>\nformais.<\/p>\n<p style=\"font-weight: 400;\">Setores dos novos empregos formais<\/p>\n<p style=\"font-weight: 400;\">Todos os setores criaram novos postos de trabalho em Goi\u00e1s.<br \/>\nO segmento de servi\u00e7os foi o que mais se destacou, com crescimento de 5.587<br \/>\nnovos empregos, seguido pela constru\u00e7\u00e3o e agropecu\u00e1ria, que registraram um<br \/>\ntotal de 3.476 e 3.199 empregos criados, respectivamente.<\/p>\n<p style=\"font-weight: 400;\">A ind\u00fastria registrou um aumento de 2.463 novos empregados,<br \/>\nenquanto o crescimento do com\u00e9rcio foi de 201. \u201c\u00c9 esse cen\u00e1rio de crescimento<br \/>\nque desejamos continuar observando ao longo deste ano\u201d, salienta o<br \/>\ndiretor-executivo do IMB, Erik Figueiredo.<\/p>\n<p>&nbsp;<\/p>\n","protected":false},"excerpt":{"rendered":"<p>O estado de Goi\u00e1s criou 14.926 novos postos formais de trabalho no m\u00eas de janeiro de 2024. Com o aumento, o estado atingiu a marca de 1,533 milh\u00e3o de pessoas empregadas formalmente, segundo dados do Novo Cadastro Geral de Empregados e Desempregados (Novo Caged), divulgados pelo Minist\u00e9rio do Trabalho e Emprego (MTE) e validados pelo &hellip;<\/p>\n","protected":false},"author":3,"featured_media":73783,"comment_status":"closed","ping_status":"open","sticky":false,"template":"","format":"standard","meta":{"_exactmetrics_skip_tracking":false,"_exactmetrics_sitenote_active":false,"_exactmetrics_sitenote_note":"","_exactmetrics_sitenote_category":0,"footnotes":""},"categories":[459,15,19],"tags":[],"_links":{"self":[{"href":"https:\/\/goiasemtempo.com.br\/home\/wp-json\/wp\/v2\/posts\/73782"}],"collection":[{"href":"https:\/\/goiasemtempo.com.br\/home\/wp-json\/wp\/v2\/posts"}],"about":[{"href":"https:\/\/goiasemtempo.com.br\/home\/wp-json\/wp\/v2\/types\/post"}],"author":[{"embeddable":true,"href":"https:\/\/goiasemtempo.com.br\/home\/wp-json\/wp\/v2\/users\/3"}],"replies":[{"embeddable":true,"href":"https:\/\/goiasemtempo.com.br\/home\/wp-json\/wp\/v2\/comments?post=73782"}],"version-history":[{"count":1,"href":"https:\/\/goiasemtempo.com.br\/home\/wp-json\/wp\/v2\/posts\/73782\/revisions"}],"predecessor-version":[{"id":73784,"href":"https:\/\/goiasemtempo.com.br\/home\/wp-json\/wp\/v2\/posts\/73782\/revisions\/73784"}],"wp:featuredmedia":[{"embeddable":true,"href":"https:\/\/goiasemtempo.com.br\/home\/wp-json\/wp\/v2\/media\/73783"}],"wp:attachment":[{"href":"https:\/\/goiasemtempo.com.br\/home\/wp-json\/wp\/v2\/media?parent=73782"}],"wp:term":[{"taxonomy":"category","embeddable":true,"href":"https:\/\/goiasemtempo.com.br\/home\/wp-json\/wp\/v2\/categories?post=73782"},{"taxonomy":"post_tag","embeddable":true,"href":"https:\/\/goiasemtempo.com.br\/home\/wp-json\/wp\/v2\/tags?post=73782"}],"curies":[{"name":"wp","href":"https:\/\/api.w.org\/{rel}","templated":true}]}}