{"id":7361,"date":"2017-12-28T13:38:44","date_gmt":"2017-12-28T13:38:44","guid":{"rendered":"http:\/\/goiasemtempo.com.br\/home\/?p=7361"},"modified":"2017-12-28T13:38:44","modified_gmt":"2017-12-28T13:38:44","slug":"brasil-quer-manter-controle-da-embraer-diz-temer-2","status":"publish","type":"post","link":"https:\/\/goiasemtempo.com.br\/home\/brasil-quer-manter-controle-da-embraer-diz-temer-2\/","title":{"rendered":"Brasil quer manter controle da Embraer, diz Temer"},"content":{"rendered":"<p>O governo brasileiro est\u00e1 aberto a uma coopera\u00e7\u00e3o da Embraer com a Beoing, mas n\u00e3o est\u00e1 disposto a ceder a golden share acion\u00e1ria que lhe assegura o controle de uma companhia estrat\u00e9gica, disse nesta sexta-feira (22) o presidente Michel Temer.<\/p>\n<p>\u00c9 bem-vinda a inje\u00e7\u00e3o de capital estrangeiro. N\u00e3o se examina a quest\u00e3o de transfer\u00eancia do controle acion\u00e1rio, afirmou Temer durante encontro com jornalistas em Bras\u00edlia.<\/p>\n<p>Toda parceria \u00e9 bem-vinda. O que n\u00e3o est\u00e1 em cogita\u00e7\u00e3o \u00e9 a transfer\u00eancia do controle, insistiu o presidente, ao se referir \u00e0 Embraer, uma empresa emblem\u00e1tica da ind\u00fastria nacional, terceira fabricante mundial de avi\u00f5es, l\u00edder no segmento de aeronaves de at\u00e9 150 lugares e com importante presen\u00e7a no setor da Defesa.<\/p>\n<p>A gigante americana Boeing e a brasileira Embraer revelaram na quinta-feira que discutiam uma alian\u00e7a que, segundo o Wall Street Journal, se daria mediante a compra de a\u00e7\u00f5es do grupo brasileiro.<\/p>\n<p>Em um comunicado conjunto, os dois grupos explicaram, no entanto, que n\u00e3o h\u00e1 garantia de que estas discuss\u00f5es concluam em alguma transa\u00e7\u00e3o, visto que esta depender\u00e1, antes de tudo, da aprova\u00e7\u00e3o do governo brasileiro e de entidades reguladoras.<\/p>\n<p>Surgida como estatal em 1969, a Embraer foi privatizada em 1994, mas o Estado brasileiro preservou uma golden share, que lhe permite intervir em quest\u00f5es estrat\u00e9gicas.<\/p>\n<p>O an\u00fancio fez dispararem as a\u00e7\u00f5es da voadora brasileira, que fecharam na quinta-feira em alta de 22,5% na bolsa de S\u00e3o Paulo, ap\u00f3s terem chegado a registrar valoriza\u00e7\u00e3o de mais de 30%.<\/p>\n<p>Nesta sexta-feira, os pap\u00e9is da companhia apresentavam grandes oscila\u00e7\u00f5es, de ligeiramente negativas a altas que chegaram a 6%. Os an\u00fancios de Temer moderaram os impulsos no fim da manh\u00e3 e por volta das 13H57 subiram 2,72%.<\/p>\n","protected":false},"excerpt":{"rendered":"<p>O governo brasileiro est\u00e1 aberto a uma coopera\u00e7\u00e3o da Embraer com a Beoing, mas n\u00e3o est\u00e1 disposto a ceder a golden share acion\u00e1ria que lhe assegura o controle de uma companhia estrat\u00e9gica, disse nesta sexta-feira (22) o presidente Michel Temer. \u00c9 bem-vinda a inje\u00e7\u00e3o de capital estrangeiro. N\u00e3o se examina a quest\u00e3o de transfer\u00eancia do &hellip;<\/p>\n","protected":false},"author":2,"featured_media":7142,"comment_status":"open","ping_status":"open","sticky":false,"template":"","format":"standard","meta":{"footnotes":""},"categories":[4],"tags":[],"class_list":["post-7361","post","type-post","status-publish","format-standard","has-post-thumbnail","hentry","category-ultimas-noticias"],"_links":{"self":[{"href":"https:\/\/goiasemtempo.com.br\/home\/wp-json\/wp\/v2\/posts\/7361","targetHints":{"allow":["GET"]}}],"collection":[{"href":"https:\/\/goiasemtempo.com.br\/home\/wp-json\/wp\/v2\/posts"}],"about":[{"href":"https:\/\/goiasemtempo.com.br\/home\/wp-json\/wp\/v2\/types\/post"}],"author":[{"embeddable":true,"href":"https:\/\/goiasemtempo.com.br\/home\/wp-json\/wp\/v2\/users\/2"}],"replies":[{"embeddable":true,"href":"https:\/\/goiasemtempo.com.br\/home\/wp-json\/wp\/v2\/comments?post=7361"}],"version-history":[{"count":1,"href":"https:\/\/goiasemtempo.com.br\/home\/wp-json\/wp\/v2\/posts\/7361\/revisions"}],"predecessor-version":[{"id":7362,"href":"https:\/\/goiasemtempo.com.br\/home\/wp-json\/wp\/v2\/posts\/7361\/revisions\/7362"}],"wp:featuredmedia":[{"embeddable":true,"href":"https:\/\/goiasemtempo.com.br\/home\/wp-json\/wp\/v2\/media\/7142"}],"wp:attachment":[{"href":"https:\/\/goiasemtempo.com.br\/home\/wp-json\/wp\/v2\/media?parent=7361"}],"wp:term":[{"taxonomy":"category","embeddable":true,"href":"https:\/\/goiasemtempo.com.br\/home\/wp-json\/wp\/v2\/categories?post=7361"},{"taxonomy":"post_tag","embeddable":true,"href":"https:\/\/goiasemtempo.com.br\/home\/wp-json\/wp\/v2\/tags?post=7361"}],"curies":[{"name":"wp","href":"https:\/\/api.w.org\/{rel}","templated":true}]}}