{"id":73287,"date":"2024-02-06T21:35:23","date_gmt":"2024-02-06T21:35:23","guid":{"rendered":"https:\/\/goiasemtempo.com.br\/home\/?p=73287"},"modified":"2024-02-06T21:35:23","modified_gmt":"2024-02-06T21:35:23","slug":"ana-hickmann-se-defende-apos-filho-entrar-com-processo-contra-ela-manipulacao","status":"publish","type":"post","link":"https:\/\/goiasemtempo.com.br\/home\/ana-hickmann-se-defende-apos-filho-entrar-com-processo-contra-ela-manipulacao\/","title":{"rendered":"Ana Hickmann se defende ap\u00f3s filho entrar com processo contra ela: &#8220;manipula\u00e7\u00e3o&#8221;"},"content":{"rendered":"<div class=\"slide-title\">\n<div class=\"slide-title-data\"><span class=\"title\">Em comunicado enviado \u00e0 revista Quem, a defesa de Ana Hickmann nega qualquer tipo de aliena\u00e7\u00e3o parental e afirma que Alexandre est\u00e1 &#8220;manipulando&#8221; o filho.<\/span><\/div>\n<div><\/div>\n<\/div>\n<div class=\"\">\n<p>A apresentadora Ana Hickmann se manifestou ap\u00f3s a not\u00edcia de que seu filho, Alezinho, de 9 anos, entrou com um processo contra ela e a Record TV. A a\u00e7\u00e3o judicial foi movida pelo advogado de Alexandre Correa, ex-marido de Ana, que tamb\u00e9m \u00e9 autor do processo.<\/p>\n<p>Em comunicado enviado \u00e0 revista Quem, a defesa de Ana Hickmann nega qualquer tipo de aliena\u00e7\u00e3o parental e afirma que Alexandre est\u00e1 \u201cmanipulando\u201d o filho.<\/p>\n<p>\u201cAlexandre \u00e9 r\u00e9u no caso de viol\u00eancia dom\u00e9stica e adota condutas imorais para tentar prejudicar e descredibilizar Ana Hickmann. Nunca houve aliena\u00e7\u00e3o parental por parte dela, tendo o judici\u00e1rio negado todas as tentativas anteriores do ex-marido\u201d, diz o texto.<\/p>\n<p>Ana tamb\u00e9m lamentou a forma como Alexandre est\u00e1 usando o filho para se beneficiar.<\/p>\n<p>\u201cDiante de todas as acusa\u00e7\u00f5es e viol\u00eancias, Ana protege e poupa o filho de ter acesso aos conte\u00fados constrangedores aos quais \u00e9 submetida e lamenta a forma com que Alexandre Correa usa e manipula a crian\u00e7a em benef\u00edcio pr\u00f3prio\u201d, completou.<\/p>\n<\/div>\n","protected":false},"excerpt":{"rendered":"<p>Em comunicado enviado \u00e0 revista Quem, a defesa de Ana Hickmann nega qualquer tipo de aliena\u00e7\u00e3o parental e afirma que Alexandre est\u00e1 &#8220;manipulando&#8221; o filho. A apresentadora Ana Hickmann se manifestou ap\u00f3s a not\u00edcia de que seu filho, Alezinho, de 9 anos, entrou com um processo contra ela e a Record TV. A a\u00e7\u00e3o judicial &hellip;<\/p>\n","protected":false},"author":3,"featured_media":73288,"comment_status":"closed","ping_status":"open","sticky":false,"template":"","format":"standard","meta":{"_exactmetrics_skip_tracking":false,"_exactmetrics_sitenote_active":false,"_exactmetrics_sitenote_note":"","_exactmetrics_sitenote_category":0,"footnotes":""},"categories":[472],"tags":[],"_links":{"self":[{"href":"https:\/\/goiasemtempo.com.br\/home\/wp-json\/wp\/v2\/posts\/73287"}],"collection":[{"href":"https:\/\/goiasemtempo.com.br\/home\/wp-json\/wp\/v2\/posts"}],"about":[{"href":"https:\/\/goiasemtempo.com.br\/home\/wp-json\/wp\/v2\/types\/post"}],"author":[{"embeddable":true,"href":"https:\/\/goiasemtempo.com.br\/home\/wp-json\/wp\/v2\/users\/3"}],"replies":[{"embeddable":true,"href":"https:\/\/goiasemtempo.com.br\/home\/wp-json\/wp\/v2\/comments?post=73287"}],"version-history":[{"count":1,"href":"https:\/\/goiasemtempo.com.br\/home\/wp-json\/wp\/v2\/posts\/73287\/revisions"}],"predecessor-version":[{"id":73289,"href":"https:\/\/goiasemtempo.com.br\/home\/wp-json\/wp\/v2\/posts\/73287\/revisions\/73289"}],"wp:featuredmedia":[{"embeddable":true,"href":"https:\/\/goiasemtempo.com.br\/home\/wp-json\/wp\/v2\/media\/73288"}],"wp:attachment":[{"href":"https:\/\/goiasemtempo.com.br\/home\/wp-json\/wp\/v2\/media?parent=73287"}],"wp:term":[{"taxonomy":"category","embeddable":true,"href":"https:\/\/goiasemtempo.com.br\/home\/wp-json\/wp\/v2\/categories?post=73287"},{"taxonomy":"post_tag","embeddable":true,"href":"https:\/\/goiasemtempo.com.br\/home\/wp-json\/wp\/v2\/tags?post=73287"}],"curies":[{"name":"wp","href":"https:\/\/api.w.org\/{rel}","templated":true}]}}