{"id":73216,"date":"2024-02-02T12:18:59","date_gmt":"2024-02-02T12:18:59","guid":{"rendered":"https:\/\/goiasemtempo.com.br\/home\/?p=73216"},"modified":"2024-02-02T12:18:59","modified_gmt":"2024-02-02T12:18:59","slug":"organizacao-considera-elevada-a-abstencao-de-279-no-concurso-da-camara-de-anapolis","status":"publish","type":"post","link":"https:\/\/goiasemtempo.com.br\/home\/organizacao-considera-elevada-a-abstencao-de-279-no-concurso-da-camara-de-anapolis\/","title":{"rendered":"Organiza\u00e7\u00e3o considera elevada a absten\u00e7\u00e3o de 27,9% no concurso da C\u00e2mara de An\u00e1polis"},"content":{"rendered":"<p>A absten\u00e7\u00e3o do concurso p\u00fablico da C\u00e2mara Municipal de An\u00e1polis, realizadas no domingo, 28, ficou em m\u00e9dia 27,94% no geral, considerando as provas do matutino [n\u00edvel m\u00e9dio e t\u00e9cnico] e vespertino [n\u00edvel superior]. O \u00edndice do n\u00edvel m\u00e9dio ficou em torno de 27,5% e do superior em 26%.<\/p>\n<p>A informa\u00e7\u00e3o \u00e9 da presidente da Comiss\u00e3o de Acompanhamento do Concurso P\u00fablico do Legislativo, a advogada Mariane Stival, que considerou alto o n\u00famero de candidatos que n\u00e3o comparecem para realizar as provas. Segundo Stival, no geral, a avalia\u00e7\u00e3o \u00e9 que tudo transcorreu com absoluto sucesso e cumpriu todas as determina\u00e7\u00f5es do Edital.<\/p>\n<p>O concurso foi realizado pelo Instituto Verbena, da Universidade Federal de Goi\u00e1s (UFG), uma das mais respeitadas institui\u00e7\u00f5es educacionais do pa\u00eds. Mariane Stival informou que a comiss\u00e3o de acompanhamento, no dia das provas, visitou todas as salas, pela manh\u00e3 e \u00e0 tarde, nos quatro locais de realiza\u00e7\u00e3o do concurso: CPMG Gabriel Issa, CPMG Dr. C\u00e9zar Toledo, Col\u00e9gio Estadual Polivalente Frei Jo\u00e3o Batista Vogel e campus da Universidade Estadual de Goi\u00e1s (UEG).<\/p>\n<p>Em n\u00fameros absolutos, informou Stival, inicialmente foram feitas, no sistema online do Instituto Verbena, 10.416 cadastros de inscri\u00e7\u00e3o. Entretanto, 5.204 pagaram a taxa de inscri\u00e7\u00e3o e foram habilitados a realizar as provas. Exatos 1.879 compareceram para fazer a prova pela manh\u00e3 e 1.871 \u00e0 tarde.<\/p>\n<p>As ocorr\u00eancias registradas no dia das provas, revelou a presidente da comiss\u00e3o de acompanhamento, s\u00e3o consideradas comuns para concursos como este realizado pela C\u00e2mara de An\u00e1polis. \u201cOs eventos corriqueiros como pessoas que chegaram atrasadas, ou que esqueceram documentos pessoais, ou mesmo que apresentaram documentos n\u00e3o previstos no Edital do concurso\u201d, disse.<\/p>\n<p>Esse tipo de ocorr\u00eancia, lembra Mariane Stival, \u00e9 pr\u00f3prio de pessoas que, possivelmente, deixaram de ler o Edital, onde est\u00e3o todas as orienta\u00e7\u00f5es necess\u00e1rias para que o candidato se habilite a adentrar a sala das provas. Tamb\u00e9m foram registrados casos em que os telefones celulares, mesmo desligados e acondicionados em envelopes espec\u00edficos fornecidos pela organiza\u00e7\u00e3o do concurso, dispararam seus alarmes.<\/p>\n<p>A Comiss\u00e3o de Acompanhamento do concurso reafirmou que, nas visitas que fez em todos os locais de aplica\u00e7\u00e3o de provas, manteve contato com os coordenadores e verificaram quest\u00f5es como a destina\u00e7\u00e3o de espa\u00e7os apropriados para pessoas com defici\u00eancia e lactantes. \u201cA inten\u00e7\u00e3o foi garantir os direitos a todas as pessoas que tinham algum tipo de necessidade especial\u201d, concluiu.<\/p>\n<p>&nbsp;<\/p>\n<p><strong>CRONOGRAMA<\/strong><\/p>\n<p>Na segunda-feira, 29, um dia ap\u00f3s a aplica\u00e7\u00e3o das provas, conforme estabelecido pelo Edital do concurso, foi divulgado o gabarito preliminar da prova objetiva. No dia 7 de fevereiro ser\u00e1 publicado o gabarito final desta etapa. Depois, no dia 9 de fevereiro, ser\u00e3o publicados o resultado preliminar da prova objetiva, o boletim de desempenho e do cart\u00e3o-resposta da prova objetiva e o resultado preliminar das respostas esperadas da prova discursiva.<\/p>\n<p>O calend\u00e1rio previsto no Edital estipula para 20 de fevereiro a publica\u00e7\u00e3o final da prova objetiva, das respostas esperadas da prova discursiva e a convoca\u00e7\u00e3o dos candidatos que ter\u00e3o a prova discursiva corrigida. No dia 28 de fevereiro a publica\u00e7\u00e3o do resultado preliminar da prova discursiva e a divulga\u00e7\u00e3o do boletim de desempenho da prova discursiva. \u00a0O resultado final da prova discursiva ser\u00e1 conhecido no dia 8 de mar\u00e7o.<\/p>\n<div class=\"google-auto-placed ap_container\"><ins class=\"adsbygoogle adsbygoogle-noablate\" data-ad-format=\"auto\" data-ad-client=\"ca-pub-4495305840563020\" data-adsbygoogle-status=\"done\" data-ad-status=\"filled\"><\/p>\n<div id=\"aswift_2_host\" tabindex=\"0\" title=\"Advertisement\" aria-label=\"Advertisement\"><span style=\"background-color: #ffffff;\">Mais \u00e0 frente, no dia 11 de mar\u00e7o, ser\u00e3o publicadas a rela\u00e7\u00e3o dos convocados para a per\u00edcia m\u00e9dica, a rela\u00e7\u00e3o dos convocados pela o procedimento de heteroidentifica\u00e7\u00e3o, e a rela\u00e7\u00e3o dos convocados para o upload da documenta\u00e7\u00e3o comprobat\u00f3ria da condi\u00e7\u00e3o de idoso. Esses procedimentos ser\u00e3o realizados no per\u00edodo de 13 a 16 de mar\u00e7o. E ter\u00e3o resultado preliminar divulgado em 20 de mar\u00e7o e o resultado final em 26 de mar\u00e7o.<\/span><\/div>\n<p><\/ins><\/div>\n<p>O resultado preliminar do concurso p\u00fablico ser\u00e1 conhecido em 28 de mar\u00e7o. No dia 4 de abril ser\u00e1 publicado o resultado final do concurso. Vencido esta \u00faltima etapa prevista no Edital, o presidente da C\u00e2mara, vereador Dominguinhos do Cedro (PV) disse que, de imediato, inicia o procedimento de convoca\u00e7\u00e3o dos aprovados para ocupar as 15 vagas iniciais disponibilizadas e ser\u00e1 composto o cadastro de reserva com 95 aprovados.<\/p>\n<p>&nbsp;<\/p>\n<p><strong>SAL\u00c1RIOS<\/strong><\/p>\n<p>Os cargos para Analista Administrativo s\u00e3o de n\u00edvel superior, com sal\u00e1rio de R$ 4.842,64. J\u00e1 os cargos de Assistente Administrativo s\u00e3o de n\u00edvel m\u00e9dio, com sal\u00e1rio de R$ 3.191,74. Os tr\u00eas concursos p\u00fablicos realizados desde 2012 at\u00e9 agora colaboram para refor\u00e7ar o quadro de servidores efetivos. Dominguinhos do Cedro disse em recente entrevista que essa condi\u00e7\u00e3o colabora para qualificar o servi\u00e7o prestado pelo Legislativo \u00e0 popula\u00e7\u00e3o e valorizar a entrada no servi\u00e7o p\u00fablico por meio do concurso.<\/p>\n","protected":false},"excerpt":{"rendered":"<p>A absten\u00e7\u00e3o do concurso p\u00fablico da C\u00e2mara Municipal de An\u00e1polis, realizadas no domingo, 28, ficou em m\u00e9dia 27,94% no geral, considerando as provas do matutino [n\u00edvel m\u00e9dio e t\u00e9cnico] e vespertino [n\u00edvel superior]. O \u00edndice do n\u00edvel m\u00e9dio ficou em torno de 27,5% e do superior em 26%. A informa\u00e7\u00e3o \u00e9 da presidente da Comiss\u00e3o &hellip;<\/p>\n","protected":false},"author":3,"featured_media":73217,"comment_status":"closed","ping_status":"open","sticky":false,"template":"","format":"standard","meta":{"_exactmetrics_skip_tracking":false,"_exactmetrics_sitenote_active":false,"_exactmetrics_sitenote_note":"","_exactmetrics_sitenote_category":0,"footnotes":""},"categories":[4],"tags":[],"_links":{"self":[{"href":"https:\/\/goiasemtempo.com.br\/home\/wp-json\/wp\/v2\/posts\/73216"}],"collection":[{"href":"https:\/\/goiasemtempo.com.br\/home\/wp-json\/wp\/v2\/posts"}],"about":[{"href":"https:\/\/goiasemtempo.com.br\/home\/wp-json\/wp\/v2\/types\/post"}],"author":[{"embeddable":true,"href":"https:\/\/goiasemtempo.com.br\/home\/wp-json\/wp\/v2\/users\/3"}],"replies":[{"embeddable":true,"href":"https:\/\/goiasemtempo.com.br\/home\/wp-json\/wp\/v2\/comments?post=73216"}],"version-history":[{"count":1,"href":"https:\/\/goiasemtempo.com.br\/home\/wp-json\/wp\/v2\/posts\/73216\/revisions"}],"predecessor-version":[{"id":73218,"href":"https:\/\/goiasemtempo.com.br\/home\/wp-json\/wp\/v2\/posts\/73216\/revisions\/73218"}],"wp:featuredmedia":[{"embeddable":true,"href":"https:\/\/goiasemtempo.com.br\/home\/wp-json\/wp\/v2\/media\/73217"}],"wp:attachment":[{"href":"https:\/\/goiasemtempo.com.br\/home\/wp-json\/wp\/v2\/media?parent=73216"}],"wp:term":[{"taxonomy":"category","embeddable":true,"href":"https:\/\/goiasemtempo.com.br\/home\/wp-json\/wp\/v2\/categories?post=73216"},{"taxonomy":"post_tag","embeddable":true,"href":"https:\/\/goiasemtempo.com.br\/home\/wp-json\/wp\/v2\/tags?post=73216"}],"curies":[{"name":"wp","href":"https:\/\/api.w.org\/{rel}","templated":true}]}}