{"id":73140,"date":"2024-01-30T12:49:45","date_gmt":"2024-01-30T12:49:45","guid":{"rendered":"https:\/\/goiasemtempo.com.br\/home\/?p=73140"},"modified":"2024-01-30T12:49:45","modified_gmt":"2024-01-30T12:49:45","slug":"jatinho-de-murilo-huff-cai-em-vala-no-aeroporto-de-goiania","status":"publish","type":"post","link":"https:\/\/goiasemtempo.com.br\/home\/jatinho-de-murilo-huff-cai-em-vala-no-aeroporto-de-goiania\/","title":{"rendered":"Jatinho de Murilo Huff cai em vala no aeroporto de Goi\u00e2nia"},"content":{"rendered":"<p>Um avi\u00e3o de pequeno porte, de propriedade de uma das empresas de\u00a0<a href=\"https:\/\/www.instagram.com\/murilohuff\" target=\"_blank\" rel=\"noopener\">Murillo Huff<\/a>, caiu dentro de uma vala no Aeroporto Santa Genoveva, em Goi\u00e2nia, na manh\u00e3 desta segunda-feira (29\/01). Apesar de incidente, n\u00e3o houve feridos nem danos \u00e0 aeronave.<\/p>\n<div class=\"code-block code-block-38\"><center><ins class=\"adsbygoogle\" data-ad-format=\"fluid\" data-ad-layout-key=\"-fb+5w+4e-db+86\" data-ad-client=\"ca-pub-5508268075977388\" data-ad-slot=\"3803595829\" data-adsbygoogle-status=\"done\" data-ad-status=\"filled\"><\/p>\n<div id=\"aswift_1_host\" tabindex=\"0\" title=\"Advertisement\" aria-label=\"Advertisement\"><\/div>\n<p><\/ins><\/center><\/div>\n<p data-gtm-vis-recent-on-screen104869357_94=\"161193\" data-gtm-vis-first-on-screen104869357_94=\"161193\" data-gtm-vis-total-visible-time104869357_94=\"100\" data-gtm-vis-has-fired104869357_94=\"1\">Atrav\u00e9s dos stories do Instagram, a equipe do cantor deu mais detalhes sobre o caso e confirmou que ningu\u00e9m se machucou:<\/p>\n<p>\u201cMurilo Huff e sua equipe est\u00e3o em turn\u00ea nos Estados Unidos. O avi\u00e3o do cantor estava sendo levado para a \u00e1rea reservada no aeroporto de Goi\u00e2nia para realizar ensaios no solo, quando houve uma intercorr\u00eancia t\u00e9cnica, na manh\u00e3 desta segunda-feira, dia 29\u201d, come\u00e7ou a nota.<\/p>\n<p>E completou: \u201cPara esse tipo de tarefa n\u00e3o h\u00e1 inten\u00e7\u00e3o de voo e \u00e9 realizada sem passageiros a bordo, somente equipe t\u00e9cnica, que n\u00e3o sofreu qualquer dano f\u00edsico. A aeronave j\u00e1 foi liberada pelo Cenipa (Centro de Investiga\u00e7\u00e3o e Preven\u00e7\u00e3o de Acidentes Aeron\u00e1uticos) que dispensou maiores investiga\u00e7\u00f5es, por se tratar de incidente de pequena monta\u201d, afirmou o comunicado.<\/p>\n<p><img decoding=\"async\" src=\"https:\/\/uploads.metropoles.com\/wp-content\/uploads\/2024\/01\/29130951\/1-1397-414x800.jpg\" alt=\"Print do comunicado da equipe de Murilo Huff sobre incidente com jatinho - Metr\u00f3poles\" \/><\/p>\n<p>&nbsp;<\/p>\n","protected":false},"excerpt":{"rendered":"<p>Um avi\u00e3o de pequeno porte, de propriedade de uma das empresas de\u00a0Murillo Huff, caiu dentro de uma vala no Aeroporto Santa Genoveva, em Goi\u00e2nia, na manh\u00e3 desta segunda-feira (29\/01). Apesar de incidente, n\u00e3o houve feridos nem danos \u00e0 aeronave. Atrav\u00e9s dos stories do Instagram, a equipe do cantor deu mais detalhes sobre o caso e &hellip;<\/p>\n","protected":false},"author":3,"featured_media":73141,"comment_status":"closed","ping_status":"open","sticky":false,"template":"","format":"standard","meta":{"footnotes":""},"categories":[4],"tags":[],"class_list":["post-73140","post","type-post","status-publish","format-standard","has-post-thumbnail","hentry","category-ultimas-noticias"],"_links":{"self":[{"href":"https:\/\/goiasemtempo.com.br\/home\/wp-json\/wp\/v2\/posts\/73140","targetHints":{"allow":["GET"]}}],"collection":[{"href":"https:\/\/goiasemtempo.com.br\/home\/wp-json\/wp\/v2\/posts"}],"about":[{"href":"https:\/\/goiasemtempo.com.br\/home\/wp-json\/wp\/v2\/types\/post"}],"author":[{"embeddable":true,"href":"https:\/\/goiasemtempo.com.br\/home\/wp-json\/wp\/v2\/users\/3"}],"replies":[{"embeddable":true,"href":"https:\/\/goiasemtempo.com.br\/home\/wp-json\/wp\/v2\/comments?post=73140"}],"version-history":[{"count":1,"href":"https:\/\/goiasemtempo.com.br\/home\/wp-json\/wp\/v2\/posts\/73140\/revisions"}],"predecessor-version":[{"id":73142,"href":"https:\/\/goiasemtempo.com.br\/home\/wp-json\/wp\/v2\/posts\/73140\/revisions\/73142"}],"wp:featuredmedia":[{"embeddable":true,"href":"https:\/\/goiasemtempo.com.br\/home\/wp-json\/wp\/v2\/media\/73141"}],"wp:attachment":[{"href":"https:\/\/goiasemtempo.com.br\/home\/wp-json\/wp\/v2\/media?parent=73140"}],"wp:term":[{"taxonomy":"category","embeddable":true,"href":"https:\/\/goiasemtempo.com.br\/home\/wp-json\/wp\/v2\/categories?post=73140"},{"taxonomy":"post_tag","embeddable":true,"href":"https:\/\/goiasemtempo.com.br\/home\/wp-json\/wp\/v2\/tags?post=73140"}],"curies":[{"name":"wp","href":"https:\/\/api.w.org\/{rel}","templated":true}]}}