{"id":73066,"date":"2024-01-12T14:18:06","date_gmt":"2024-01-12T14:18:06","guid":{"rendered":"https:\/\/goiasemtempo.com.br\/home\/?p=73066"},"modified":"2024-01-12T14:18:30","modified_gmt":"2024-01-12T14:18:30","slug":"eleitorado-em-anapolis-cresce-e-pode-chegar-a-300-mil-na-eleicao-deste-ano","status":"publish","type":"post","link":"https:\/\/goiasemtempo.com.br\/home\/eleitorado-em-anapolis-cresce-e-pode-chegar-a-300-mil-na-eleicao-deste-ano\/","title":{"rendered":"Eleitorado em An\u00e1polis cresce e pode chegar a 300 mil na elei\u00e7\u00e3o deste ano"},"content":{"rendered":"<p>O eleitorado de An\u00e1polis deve atingir a marca de 300 mil at\u00e9 maio, prazo final para emiss\u00e3o do T\u00edtulo antes da elei\u00e7\u00e3o municipal. Hoje, de acordo com as estat\u00edsticas da Justi\u00e7a Eleitoral, s\u00e3o 290.567. A proje\u00e7\u00e3o dos cart\u00f3rios da cidade \u00e9 de que, em cinco meses, cerca de 10 mil pessoas tornem-se eleitores.<\/p>\n<p>\u201cPela \u00faltima elei\u00e7\u00e3o municipal, pelo levantamento das \u00faltimas transfer\u00eancias de alistamento, cremos que estes \u00faltimos 10 mil eleitores dever\u00e3o comparecer para alistamento no cart\u00f3rio\u201d, afirma Josiel Messias, chefe do cart\u00f3rio da 144\u00aa Zona Eleitoral.<\/p>\n<p>Em 2022, ano do \u00faltimo pleito, a cidade tinha 286.671 eleitores. Portanto, se a proje\u00e7\u00e3o for confirmada e An\u00e1polis bater a marca de 300 mil eleitores, o eleitorado ter\u00e1 avan\u00e7ado num patamar de 4,5% em dois anos. Na compara\u00e7\u00e3o com 2020, quando houve a \u00faltima elei\u00e7\u00e3o municipal, eram 269.556, ou seja, o crescimento seria na casa de 7%.<\/p>\n<p>An\u00e1polis \u00e9 o terceiro maior col\u00e9gio eleitoral do estado, atr\u00e1s da capital Goi\u00e2nia, com mais de 1 milh\u00e3o de pessoas aptas a votar, e Aparecida de Goi\u00e2nia, que se aproxima de 310 mil eleitores.<\/p>\n<p>De acordo com o cientista pol\u00edtico Guilherme Carvalho, o crescimento do eleitorado anapolino refor\u00e7a o car\u00e1ter de pot\u00eancia pol\u00edtica da cidade em Goi\u00e1s. \u201c\u00c9 um grande polo de produ\u00e7\u00e3o de elites pol\u00edticas. Uma cidade que vale peso de ouro na disputa local, que ser\u00e1 extremamente importante e poder\u00e1 fazer a diferen\u00e7a entre candidatos espec\u00edficos\u201d, disse.<\/p>\n<p>Um dos desafios dos candidatos ser\u00e1 aumentar o comparecimento \u00e0s urnas. Em 2020, num contexto de pandemia de Covid-19, um ter\u00e7o dos eleitores n\u00e3o foi \u00e0s urnas, e o n\u00e3o voto \u2013 a soma de absten\u00e7\u00f5es, brancos e nulos \u2013 superou a vota\u00e7\u00e3o do prefeito Roberto Naves, reeleito \u00e0 \u00e9poca.<\/p>\n<p>Em 2022, nas elei\u00e7\u00f5es gerais, esse percentual caiu para 24,32%, sem a crise sanit\u00e1ria, mas o n\u00famero ainda \u00e9 considerado alto por analistas.<\/p>\n<p><strong>Perfil do eleitorado\u00a0<\/strong><\/p>\n<p>Na \u00faltima elei\u00e7\u00e3o, em 2022, An\u00e1polis refor\u00e7ou uma tend\u00eancia conservadora. O ent\u00e3o presidente Jair Bolsonaro (PL) venceu no munic\u00edpio tanto no primeiro quanto no segundo turno, com esmagadora vantagem \u2013 70,59% dos votos v\u00e1lidos &#8211; para o candidato \u00e0 reelei\u00e7\u00e3o contra Luiz In\u00e1cio Lula da Silva (PT).<\/p>\n<p>Com esta leitura, a direita tem trabalhado para se unificar numa candidatura que quer converter tamb\u00e9m estes votos para o pleito municipal. O prefeito Roberto Naves (Republicanos) tem liderado este processo e o termo \u201cuni\u00e3o\u201d tem aparecido cada vez mais entre poss\u00edveis postulantes.<\/p>\n<p>Quem quer que seja candidato em outubro \u2013 de direita, centro ou esquerda &#8211; precisar\u00e1 conquistar o eleitorado feminino, maioria absoluta em An\u00e1polis. Dos mais de 290 mil cidad\u00e3os aptos a votar hoje, 154,5 mil, ou seja, 53%, s\u00e3o do sexo feminino. Os homens s\u00e3o 46,81%, com um contingente de 135 mil.<\/p>\n<p>O eleitorado anapolino tamb\u00e9m tem envelhecido. Na \u00faltima elei\u00e7\u00e3o municipal, em 2020, j\u00e1 era maioria o grupo de faixa et\u00e1ria entre 45 e 59 anos, com cerca de 69 mil eleitores. O contingente desta idade cresceu e agora j\u00e1 passa de 74 mil.<\/p>\n<p>Em contrapartida, o percentual de jovens tem diminu\u00eddo. A faixa de 25 a 34 anos ainda ostenta a segunda coloca\u00e7\u00e3o na estratifica\u00e7\u00e3o, mas j\u00e1 bem pr\u00f3xima dos cidad\u00e3os de 35 a 44. O eleitorado acima de 60 anos tamb\u00e9m saltou de 50.149 em 2020 para 58.723 atualmente.<\/p>\n<p>No n\u00famero bruto, por\u00e9m, cresceu o total de adolescentes com T\u00edtulo de Eleitor. Em 2020, a soma daqueles menores de 18 anos n\u00e3o chegava a 1 mil pessoas. Em dezembro de 2023, o registro do TSE fechou-se com 1.464 eleitores registrados de 16 ou 17 anos de idade.<\/p>\n<p>Um deles \u00e9 Vitor Abreu, que decidiu procurar a Justi\u00e7a Eleitoral no fim do ano passado e garantir sua participa\u00e7\u00e3o nas urnas. \u201cNosso voto \u00e9 muito importante. Em outubro a gente define o que quer para a cidade por pelo menos mais quatro anos. N\u00f3s, jovens, tamb\u00e9m devemos levar nossa voz e votar, por isso decidi participar da elei\u00e7\u00e3o mesmo que n\u00e3o haja obrigatoriedade\u201d, disse ao DM.<\/p>\n<p>Em rela\u00e7\u00e3o \u00e0 escolaridade, a maior parte dos cidad\u00e3os aptos a votar t\u00eam ensino m\u00e9dio completo (30,77%). Depois aparece o grupo que sequer concluiu o ensino fundamental e representa 19,62% do eleitorado de An\u00e1polis. Quem concluiu o ensino superior \u00e9 apenas 13% da fatia de eleitores na cidade. H\u00e1 ainda cerca de 15 mil pessoas que s\u00e3o analfabetas e\/ou n\u00e3o tiveram acesso \u00e0 educa\u00e7\u00e3o.<\/p>\n<p>Um grupo que tem crescido a cada pleito \u00e9 o de solteiros. Antes, os eleitores casados eram maioria. Atualmente, 49% s\u00e3o solteiros e apenas 41% est\u00e3o casados. H\u00e1 ainda 6% de divorciados e 3% de vi\u00favos.<\/p>\n<p><strong>Prazos\u00a0<\/strong><\/p>\n<p>O cidad\u00e3o tem at\u00e9 o dia 8 de maio para sanar qualquer pend\u00eancia e tamb\u00e9m efetivar mudan\u00e7as em domic\u00edlio eleitoral, local de vota\u00e7\u00e3o e outras informa\u00e7\u00f5es. Na maioria dos casos, os procedimentos podem ser executados de forma virtual, nos sites do Tribunal Regional Eleitoral de Goi\u00e1s (TRE-GO) ou do Tribunal Superior Eleitoral (TSE).<\/p>\n<p>Por\u00e9m, aqueles que para algum procedimento precisam da coleta de biometria \u2013 como emiss\u00e3o de t\u00edtulo &#8211; \u00e9 necess\u00e1rio comparecer de forma presencial ao cart\u00f3rio. Essa exig\u00eancia se d\u00e1 tamb\u00e9m para pessoas que fizeram o registro biom\u00e9trico pela \u00faltima vez h\u00e1 pelo menos dez anos.<\/p>\n<p>Nos \u00faltimos dias, houve intensa movimenta\u00e7\u00e3o \u00e0 frente das sedes da Justi\u00e7a Eleitoral em An\u00e1polis. O atendimento j\u00e1 foi retomado ap\u00f3s as festas de fim de ano. De acordo com o chefe do cart\u00f3rio da 144\u00aa Zona Eleitoral, a procura &#8211; al\u00e9m da proximidade da elei\u00e7\u00e3o &#8211; tamb\u00e9m denota uma demanda que ficou represada pela suspens\u00e3o de servi\u00e7os durante o per\u00edodo festivo.<\/p>\n<p>\u201cAgora todo mundo quer resolver a situa\u00e7\u00e3o. A gente clama \u00e0 popula\u00e7\u00e3o para procurar o quanto antes o servi\u00e7o da Justi\u00e7a Eleitoral, seja para tirar ou transferir o t\u00edtulo, ou mesmo regularizar alguma pend\u00eancia\u201d, frisa Josiel Messias.<\/p>\n<p>Adolescentes que t\u00eam 15 anos e far\u00e3o 16 at\u00e9 a data da elei\u00e7\u00e3o, no dia 6 de outubro, podem tirar o t\u00edtulo. Mesmo para quem faz anivers\u00e1rio depois, o prazo limite ainda \u00e9 o dia 8 de maio, conforme definido pelo TSE. \u201cDepois de 8 de maio n\u00e3o se mexe no cadastro eleitoral sob hip\u00f3tese alguma\u201d, destacou o chefe da 144\u00aa Zona Eleitoral.<\/p>\n<p>Em An\u00e1polis, as tr\u00eas zonas eleitorais (3\u00aa, 141\u00aa e 144\u00aa) funcionam em um mesmo pr\u00e9dio, localizado na Rua Augusto de Limam Quadra 06, Lote 03, no Bairro Maracananzinho. O telefone para contato \u00e9 (62) 3324-3534.<\/p>\n","protected":false},"excerpt":{"rendered":"<p>O eleitorado de An\u00e1polis deve atingir a marca de 300 mil at\u00e9 maio, prazo final para emiss\u00e3o do T\u00edtulo antes da elei\u00e7\u00e3o municipal. Hoje, de acordo com as estat\u00edsticas da Justi\u00e7a Eleitoral, s\u00e3o 290.567. A proje\u00e7\u00e3o dos cart\u00f3rios da cidade \u00e9 de que, em cinco meses, cerca de 10 mil pessoas tornem-se eleitores. \u201cPela \u00faltima &hellip;<\/p>\n","protected":false},"author":3,"featured_media":73067,"comment_status":"closed","ping_status":"open","sticky":false,"template":"","format":"standard","meta":{"_exactmetrics_skip_tracking":false,"_exactmetrics_sitenote_active":false,"_exactmetrics_sitenote_note":"","_exactmetrics_sitenote_category":0,"footnotes":""},"categories":[18,19,4],"tags":[],"_links":{"self":[{"href":"https:\/\/goiasemtempo.com.br\/home\/wp-json\/wp\/v2\/posts\/73066"}],"collection":[{"href":"https:\/\/goiasemtempo.com.br\/home\/wp-json\/wp\/v2\/posts"}],"about":[{"href":"https:\/\/goiasemtempo.com.br\/home\/wp-json\/wp\/v2\/types\/post"}],"author":[{"embeddable":true,"href":"https:\/\/goiasemtempo.com.br\/home\/wp-json\/wp\/v2\/users\/3"}],"replies":[{"embeddable":true,"href":"https:\/\/goiasemtempo.com.br\/home\/wp-json\/wp\/v2\/comments?post=73066"}],"version-history":[{"count":1,"href":"https:\/\/goiasemtempo.com.br\/home\/wp-json\/wp\/v2\/posts\/73066\/revisions"}],"predecessor-version":[{"id":73068,"href":"https:\/\/goiasemtempo.com.br\/home\/wp-json\/wp\/v2\/posts\/73066\/revisions\/73068"}],"wp:featuredmedia":[{"embeddable":true,"href":"https:\/\/goiasemtempo.com.br\/home\/wp-json\/wp\/v2\/media\/73067"}],"wp:attachment":[{"href":"https:\/\/goiasemtempo.com.br\/home\/wp-json\/wp\/v2\/media?parent=73066"}],"wp:term":[{"taxonomy":"category","embeddable":true,"href":"https:\/\/goiasemtempo.com.br\/home\/wp-json\/wp\/v2\/categories?post=73066"},{"taxonomy":"post_tag","embeddable":true,"href":"https:\/\/goiasemtempo.com.br\/home\/wp-json\/wp\/v2\/tags?post=73066"}],"curies":[{"name":"wp","href":"https:\/\/api.w.org\/{rel}","templated":true}]}}