{"id":73038,"date":"2024-01-07T16:09:52","date_gmt":"2024-01-07T16:09:52","guid":{"rendered":"https:\/\/goiasemtempo.com.br\/home\/?p=73038"},"modified":"2024-01-07T16:13:37","modified_gmt":"2024-01-07T16:13:37","slug":"goiania-e-considerada-a-capital-brasileira-das-feiras","status":"publish","type":"post","link":"https:\/\/goiasemtempo.com.br\/home\/goiania-e-considerada-a-capital-brasileira-das-feiras\/","title":{"rendered":"Goi\u00e2nia \u00e9 considerada a Capital brasileira das feiras"},"content":{"rendered":"<p>Goi\u00e2nia \u00e9 considerada a Capital brasileira das feiras e elas representam boas alternativas de lazer, com op\u00e7\u00f5es para quem quer comprar de tudo um pouco por pre\u00e7os convidativos. Com isso, as feiras especiais, administradas pela Prefeitura de Goi\u00e2nia, por meio da Secretaria Municipal de Desenvolvimento e Economia Criativa (Sedec), devem atrair milhares de visitantes em janeiro, m\u00eas tradicionalmente de f\u00e9rias.<\/p>\n<p>Diferente das feiras livres, que s\u00e3o as hortifrutigranjeiras, que acontecem normalmente no per\u00edodo matutino em diversos bairros da cidade, as especiais s\u00e3o aquelas que comercializam uma gama variada de produtos: roupas, comidas, artesanatos, decora\u00e7\u00e3o, cal\u00e7ados, obras de arte, dentre outros, no per\u00edodo noturno. S\u00e3o 31 feiras especiais espalhadas por todas as regi\u00f5es da cidade, realizadas todos os dias.<\/p>\n<p><strong>Confira a lista das feiras especiais mais movimentadas<\/strong><\/p>\n<p><strong>Feira do Cerrado<\/strong><br \/>\nA Feira do Cerrado, criada em 2004, re\u00fane artes\u00e3os que t\u00eam em comum n\u00e3o s\u00f3 a criatividade, mas a preocupa\u00e7\u00e3o ambiental. Muitos utilizam de maneira consciente mat\u00e9ria-prima extra\u00edda do Cerrado.<\/p>\n<ul>\n<li>Quando: Domingos das 9h \u00e0s 13h<\/li>\n<li>Onde: Parque da Crian\u00e7a, atr\u00e1s do Est\u00e1dio Serra Dourada<\/li>\n<\/ul>\n<p><strong>Feira da Lua<\/strong><br \/>\nCriada em 1993, inicialmente com 250 feirantes. \u00c9 considerada a segunda maior feira ao ar livre da cidade e hoje conta com aproximadamente 1.500 barraquinhas. Entrou para o hall das mais tradicionais da Capital. Principais produtos comercializados: roupas, sapatos e comidas.<\/p>\n<ul>\n<li>Quando: todos os s\u00e1bados, das 15h \u00e0s 22h<\/li>\n<li>Onde: Pra\u00e7a Tamandar\u00e9, Setor Oeste<\/li>\n<\/ul>\n<p><strong>Feira do Sol<\/strong><br \/>\nA Feira do Sol nasceu da vontade de um grupo de artistas em mostrar para a comunidade local a elabora\u00e7\u00e3o de pe\u00e7as artesanais e pinturas em tela, tudo isso feito ao ar livre. A feira foi criada em 1990 e hoje conta com diversas \u00e1reas de alimenta\u00e7\u00e3o, vestu\u00e1rio, bijuterias, artesanatos, antiguidades e animais.<\/p>\n<ul>\n<li>Quando: todos os domingos, das 15h \u00e0s 21h<\/li>\n<li>Onde: Pra\u00e7a do Sol, na Rua 9, Setor Oeste<\/li>\n<\/ul>\n<p><strong>Feira das Nuvens<\/strong><br \/>\nA Feira das Nuvens tamb\u00e9m \u00e9 conhecida como Feira do Moreirinha. Nela s\u00e3o comercializados roupas, cal\u00e7ados, acess\u00f3rios e comidas.<\/p>\n<ul>\n<li>Quando: todos os domingos, das 16h \u00e0s 22h<\/li>\n<li>Onde: na Avenida T-1, Setor Coimbra, em frente ao Supermercado Hiper Moreira<\/li>\n<\/ul>\n<p><strong>Feira Hippie<\/strong><br \/>\nSua hist\u00f3ria come\u00e7a no in\u00edcio dos anos 1960, quando artes\u00e3os e artistas pl\u00e1sticos, influenciados pelo movimento hippie, come\u00e7aram a expor seus trabalhos, da\u00ed o nome Feira Hippie. \u00c9 uma das maiores feiras ao ar livre da Am\u00e9rica Latina, com aproximadamente 10 mil bancas, nas quais se comercializam de roupas a produtos importados.<\/p>\n<ul>\n<li>Quando: s\u00e1bado: 7h \u00e0s 16h; domingo: 7h \u00e0s 13h<\/li>\n<li>Onde: Pra\u00e7a do Trabalhador, Setor Central<\/li>\n<\/ul>\n<p><strong>Feirinha da OVG\/Bueno<\/strong><br \/>\nA Feirinha em frente \u00e0 OVG, no Setor Bueno, caiu no gosto dos moradores da regi\u00e3o e \u00e9 um \u00f3timo exemplo de como as feiras fazem parte da cultura do goianiense. No local s\u00e3o comercializados produtos de vestu\u00e1rio, alimenta\u00e7\u00e3o, artesanais, bijuterias e cal\u00e7ados.<\/p>\n<ul>\n<li>Quando: todas as quartas-feiras, das 16h \u00e0s 22h.<\/li>\n<li>Onde: na Rua T-14 com T-38, Setor Bueno<\/li>\n<\/ul>\n<p><strong>Veja a lista de todas as feiras especiais em Goi\u00e2nia:<\/strong><\/p>\n<ul>\n<li>Feira Hippie: s\u00e1bado e domingo \u2013 Pra\u00e7a do Trabalhador, no Setor Norte Ferrovi\u00e1rio<\/li>\n<li>Feira do Sol: domingo \u2013 Pra\u00e7a do Sol<\/li>\n<li>Feira do Entardecer (Cepal do Setor Sul): sexta-feira \u2013 Cepal do Setor Sul<\/li>\n<li>Feira da Lua: s\u00e1bado \u2013 Pra\u00e7a Tamandar\u00e9<\/li>\n<li>Feira das Rosas: s\u00e1bado \u2013 Avenida Liberdade, no Conjunto Riviera<\/li>\n<li>Feira dos Namorados: s\u00e1bado \u2013 Avenida Gercina Borges, no Conjunto Vera Cruz I<\/li>\n<li>Feira do Cepal do Jardim Am\u00e9rica: quinta-feira \u2013 Cepal do Jardim Am\u00e9rica<\/li>\n<li>Feira das Estrelas: quarta-feira \u2013 Avenida Engenheiro Jos\u00e9 Martins, Novo Horizonte<\/li>\n<li>Feira das Nuvens: domingo \u2013 Pra\u00e7a do Moreirinha, no Setor Coimbra<\/li>\n<li>Feira do Amor: sexta-feira \u2013 Alameda Mois\u00e9s Santana, na Vila Reden\u00e7\u00e3o<\/li>\n<li>Feira do Requinte: sexta-feira \u2013 Rua Heitor Fleury, na Vila Cana\u00e3<\/li>\n<li>Feira da Vila Nova: s\u00e1bado \u2013 Rua Coronel Cosme, no Setor Vila Nova<\/li>\n<li>Feira da OVG (Bueno): quarta-feira \u2013 Avenida T-4, no Setor Bueno<\/li>\n<li>Feira do Universit\u00e1rio: domingo \u2013 Pra\u00e7a Universit\u00e1ria, no Setor Universit\u00e1rio<\/li>\n<li>Feira do Setor Uni\u00e3o: quinta-feira \u2013 Pra\u00e7a da Paz, no Setor Uni\u00e3o<\/li>\n<li>Feira do Parque Amaz\u00f4nia: s\u00e1bado \u2013 Pra\u00e7a Senador Rodrigues, no Parque Amaz\u00f4nia<\/li>\n<li>Feira Cidade Jardim: quarta-feira \u2013 Rua do Gramado, Cidade Jardim<\/li>\n<li>Mercado Aberto: de segunda-feira a s\u00e1bado \u2013 Avenida Parana\u00edba, no Centro<\/li>\n<li>Feira do Jacar\u00e9: sexta-feira \u2013 Pra\u00e7a Prud\u00eancio Gomes, Crimeia Oeste<\/li>\n<li>Feira da Madrugada: quarta-feira e quinta-feira \u2013 Pra\u00e7a do Trabalhador, Setor Norte Ferrovi\u00e1rio<\/li>\n<li>Feira Imigrante Italiano: sexta-feira \u2013 Pra\u00e7a do Imigrante, no Jardim Am\u00e9rica<\/li>\n<li>Feira do Vera Cruz: sexta-feira \u2013 Avenida Gercina Borges, no Conjunto Vera Cruz II<\/li>\n<li>Feira do M\u00faltiplo: domingo \u2013 Rua 250, Nova Vila<\/li>\n<li>Feira do Crimeia Leste: quarta-feira \u2013 Avenida Fued Rassi, no Crimeia Leste<\/li>\n<li>Feira do Jardim Goi\u00e1s: ter\u00e7a-feira \u2013 Rua 59, no Jardim Goi\u00e1s<\/li>\n<li>Feira do Eldorado: domingo \u2013 Avenida Ravena, no Setor Eldorado<\/li>\n<li>Feira do Goi\u00e2nia 2: domingo \u2013 Avenida Boulevard Conde dos Arcos, no Goi\u00e2nia 2<\/li>\n<li>Feira Chocolate com Pequi: sexta-feira \u2013 Rua 15, Jardim Goi\u00e1s<\/li>\n<li>Feira dos Artes\u00e3os: quarta-feira \u2013 Pra\u00e7a Santos Dumont, no Setor Aeroporto<\/li>\n<li>Feira da Amizade: sexta-feira \u2013 Pra\u00e7a Sued Borges, no Negr\u00e3o de Lima<\/li>\n<li>Feira Castelo Branco: s\u00e1bado \u2013 Rua Raul Carramaschi, Setor Castelo Branco<\/li>\n<\/ul>\n","protected":false},"excerpt":{"rendered":"<p>Goi\u00e2nia \u00e9 considerada a Capital brasileira das feiras e elas representam boas alternativas de lazer, com op\u00e7\u00f5es para quem quer comprar de tudo um pouco por pre\u00e7os convidativos. Com isso, as feiras especiais, administradas pela Prefeitura de Goi\u00e2nia, por meio da Secretaria Municipal de Desenvolvimento e Economia Criativa (Sedec), devem atrair milhares de visitantes em &hellip;<\/p>\n","protected":false},"author":3,"featured_media":73039,"comment_status":"closed","ping_status":"open","sticky":false,"template":"","format":"standard","meta":{"_exactmetrics_skip_tracking":false,"_exactmetrics_sitenote_active":false,"_exactmetrics_sitenote_note":"","_exactmetrics_sitenote_category":0,"footnotes":""},"categories":[507,500,19],"tags":[],"_links":{"self":[{"href":"https:\/\/goiasemtempo.com.br\/home\/wp-json\/wp\/v2\/posts\/73038"}],"collection":[{"href":"https:\/\/goiasemtempo.com.br\/home\/wp-json\/wp\/v2\/posts"}],"about":[{"href":"https:\/\/goiasemtempo.com.br\/home\/wp-json\/wp\/v2\/types\/post"}],"author":[{"embeddable":true,"href":"https:\/\/goiasemtempo.com.br\/home\/wp-json\/wp\/v2\/users\/3"}],"replies":[{"embeddable":true,"href":"https:\/\/goiasemtempo.com.br\/home\/wp-json\/wp\/v2\/comments?post=73038"}],"version-history":[{"count":3,"href":"https:\/\/goiasemtempo.com.br\/home\/wp-json\/wp\/v2\/posts\/73038\/revisions"}],"predecessor-version":[{"id":73042,"href":"https:\/\/goiasemtempo.com.br\/home\/wp-json\/wp\/v2\/posts\/73038\/revisions\/73042"}],"wp:featuredmedia":[{"embeddable":true,"href":"https:\/\/goiasemtempo.com.br\/home\/wp-json\/wp\/v2\/media\/73039"}],"wp:attachment":[{"href":"https:\/\/goiasemtempo.com.br\/home\/wp-json\/wp\/v2\/media?parent=73038"}],"wp:term":[{"taxonomy":"category","embeddable":true,"href":"https:\/\/goiasemtempo.com.br\/home\/wp-json\/wp\/v2\/categories?post=73038"},{"taxonomy":"post_tag","embeddable":true,"href":"https:\/\/goiasemtempo.com.br\/home\/wp-json\/wp\/v2\/tags?post=73038"}],"curies":[{"name":"wp","href":"https:\/\/api.w.org\/{rel}","templated":true}]}}