{"id":72973,"date":"2024-01-02T02:58:03","date_gmt":"2024-01-02T02:58:03","guid":{"rendered":"https:\/\/goiasemtempo.com.br\/home\/?p=72973"},"modified":"2024-01-02T02:58:03","modified_gmt":"2024-01-02T02:58:03","slug":"novo-valor-do-salario-minimo-passa-a-valer-nesta-segunda-veja-o-que-muda-e-como-foi-calculado","status":"publish","type":"post","link":"https:\/\/goiasemtempo.com.br\/home\/novo-valor-do-salario-minimo-passa-a-valer-nesta-segunda-veja-o-que-muda-e-como-foi-calculado\/","title":{"rendered":"Novo valor do sal\u00e1rio m\u00ednimo passa a valer nesta segunda; veja o que muda e como foi calculado"},"content":{"rendered":"<p data-t=\"{&quot;n&quot;:&quot;blueLinks&quot;}\">Entra em vigor a partir desta segunda-feira, 1\u00ba de janeiro, o novo valor do\u00a0<a href=\"https:\/\/www.estadao.com.br\/tudo-sobre\/salario-minimo\/\" target=\"_blank\" rel=\"noopener\" data-t=\"{&quot;n&quot;:&quot;destination&quot;,&quot;t&quot;:13,&quot;b&quot;:1,&quot;c.t&quot;:7}\"><b>sal\u00e1rio m\u00ednimo<\/b><\/a>: R$ 1.412. O novo valor corresponde a um aumento de 6,97%, ou R$ 92, em compara\u00e7\u00e3o ao valor anterior, que era de R$ 1.320. Como a mudan\u00e7a vale a partir do dia primeiro dia de janeiro, o novo valor come\u00e7ar\u00e1 a ser depositado aos trabalhadores no in\u00edcio de fevereiro.<\/p>\n<div class=\"intra-article-module\" data-t=\"{&quot;n&quot;:&quot;intraArticle&quot;,&quot;t&quot;:13}\">\n<div class=\"articlePageIntraArticleFullWidth ad-slot-placeholder\">\n<div class=\"intra-article-ad-full\">\n<div class=\"\">\n<div class=\"native-ad-container native-ad-full native-ad-full-newGrid\">\n<div id=\"msn93506c2cc1e94b26a5a9\" class=\"\">\n<div class=\"content\">O aumento de quase 7% representa ganho real (acima da infla\u00e7\u00e3o) de 3%, al\u00e9m dos 3,85% de infla\u00e7\u00e3o registrados no per\u00edodo. A valoriza\u00e7\u00e3o acima da infla\u00e7\u00e3o constava em medida provis\u00f3ria enviada pelo presidente em maio ao Congresso, que a aprovou em agosto. O novo valor, ent\u00e3o, foi inclu\u00eddo na lei or\u00e7ament\u00e1ria para 2024, aprovada pelo parlamento no dia 22 de dezembro. Lula, ent\u00e3o, <a href=\"https:\/\/www.estadao.com.br\/economia\/salario-minimo-novo-valor-janeiro\/\" target=\"_blank\" rel=\"noopener\" data-t=\"{&quot;n&quot;:&quot;destination&quot;,&quot;t&quot;:13,&quot;b&quot;:1,&quot;c.t&quot;:7}\"><b>assinou o decreto no dia 27 de dezembro<\/b><\/a>.<\/div>\n<\/div>\n<\/div>\n<\/div>\n<\/div>\n<\/div>\n<\/div>\n<p class=\"continue-read-break\" data-t=\"{&quot;n&quot;:&quot;blueLinks&quot;}\">O\u00a0<a href=\"https:\/\/www.estadao.com.br\/tudo-sobre\/dieese-departamento-intersindical-de-estatistica-e-estudos-socioeconomicos\/\" target=\"_blank\" rel=\"noopener\" data-t=\"{&quot;n&quot;:&quot;destination&quot;,&quot;t&quot;:13,&quot;b&quot;:1,&quot;c.t&quot;:7}\"><b>Departamento Intersindical de Estat\u00edstica e Estudos Socioecon\u00f4micos (Dieese)<\/b><\/a>\u00a0estima que 59,3 milh\u00f5es de pessoas t\u00eam rendimento referenciado no sal\u00e1rio m\u00ednimo, o que resultar\u00e1 em um incremento da renda anual no montante de R$ 69,9 bilh\u00f5es. Al\u00e9m disso, a entidade ainda estimou R$ 37,7 bilh\u00f5es de aumento na arrecada\u00e7\u00e3o tribut\u00e1ria anual sobre o consumo, como impacto tamb\u00e9m desse reajuste do m\u00ednimo.<\/p>\n<div class=\"mm_conteudo blog-multimidia foto\">\n<div class=\"article-image-slot image-slot-placeholder\" data-image-href=\"https:\/\/www.msn.com\/pt-br\/noticias\/brasil\/novo-valor-do-sal%C3%A1rio-m%C3%ADnimo-passa-a-valer-nesta-segunda-veja-o-que-muda-e-como-foi-calculado\/ar-AA1miH6u?ocid=hpmsn&amp;cvid=9628851fed014ae6a1ad28f3566c81d4&amp;ei=45&amp;fullscreen=true#image=1\" data-doc-id=\"cms\/api\/amp\/image\/AA15VRm3\">\n<div class=\"article-image-slot\">\n<div class=\"article-image-container \" data-t=\"{&quot;n&quot;:&quot;OpenModal&quot;,&quot;t&quot;:13}\" data-test-id=\"AA15VRm3\"><a class=\"image_switchModeLinkContainer\" href=\"https:\/\/www.msn.com\/pt-br\/noticias\/brasil\/novo-valor-do-sal%C3%A1rio-m%C3%ADnimo-passa-a-valer-nesta-segunda-veja-o-que-muda-e-como-foi-calculado\/ar-AA1miH6u?ocid=hpmsn&amp;cvid=9628851fed014ae6a1ad28f3566c81d4&amp;ei=45&amp;fullscreen=true#image=2\" target=\"_self\" aria-label=\"Foto:\" data-t=\"{&quot;n&quot;:&quot;destination&quot;,&quot;t&quot;:14,&quot;b&quot;:1,&quot;c.t&quot;:14}\" data-customhandled=\"true\" rel=\"noopener\"><img decoding=\"async\" src=\"https:\/\/assets.msn.com\/staticsb\/statics\/latest\/views\/icons\/ArticleImageFullscreen.svg\" alt=\"Fullscreen button\" aria-hidden=\"true\" \/><\/a><\/p>\n<div class=\"article-image-height-wrapper expandable article-image-height-wrapper-new\" data-customhandled=\"true\" data-t=\"{&quot;n&quot;:&quot;destination&quot;,&quot;t&quot;:14,&quot;b&quot;:1,&quot;c.t&quot;:14}\">\n<div><\/div>\n<p><img decoding=\"async\" class=\"article-image article-image-ux-impr article-image-new expandable\" title=\"Foto:\" src=\"https:\/\/img-s-msn-com.akamaized.net\/tenant\/amp\/entityid\/AA15VRm3.img?w=710&amp;h=425&amp;m=6\" alt=\"Foto:\" \/><\/div>\n<div class=\"image-caption-container image-caption-container-ux-impr articlewc-image-caption-container \"><span class=\"image-caption\">Foto:<\/span><span class=\"image-attribution image-attribution-ux-impr\">\u00a9\u00a0Fornecido por Estad\u00e3o<\/span><\/div>\n<\/div>\n<\/div>\n<\/div>\n<\/div>\n<h3 class=\"article-sub-heading\">Entenda a corre\u00e7\u00e3o do sal\u00e1rio m\u00ednimo<\/h3>\n<p data-t=\"{&quot;n&quot;:&quot;blueLinks&quot;}\">A nova pol\u00edtica de valoriza\u00e7\u00e3o do m\u00ednimo &#8211; que retomou as corre\u00e7\u00f5es reais, ou seja, acima da infla\u00e7\u00e3o &#8211; prev\u00ea o reajuste pelo\u00a0<a href=\"https:\/\/www.estadao.com.br\/tudo-sobre\/inpc-indice-nacional-de-precos-ao-consumidor\" target=\"_blank\" rel=\"noopener\" data-t=\"{&quot;n&quot;:&quot;destination&quot;,&quot;t&quot;:13,&quot;b&quot;:1,&quot;c.t&quot;:7}\"><b>\u00cdndice Nacional de Pre\u00e7os ao Consumidor (INPC)<\/b><\/a>, acumulado no per\u00edodo de 12 meses at\u00e9 novembro, mais o crescimento do\u00a0<a href=\"https:\/\/www.estadao.com.br\/tudo-sobre\/pib-produto-interno-bruto\" target=\"_blank\" rel=\"noopener\" data-t=\"{&quot;n&quot;:&quot;destination&quot;,&quot;t&quot;:13,&quot;b&quot;:1,&quot;c.t&quot;:7}\"><b>PIB<\/b><\/a>\u00a0de dois anos antes.<\/p>\n<p data-t=\"{&quot;n&quot;:&quot;blueLinks&quot;}\">No caso de 2024, a f\u00f3rmula leva em conta o\u00a0<b>INPC\u00a0<\/b>de 3,85% e o PIB de 2022, que cresceu 3%, segundo valores revisados pelo\u00a0<a href=\"https:\/\/www.estadao.com.br\/tudo-sobre\/ibge-instituto-brasileiro-de-geografia-e-estatistica\" target=\"_blank\" rel=\"noopener\" data-t=\"{&quot;n&quot;:&quot;destination&quot;,&quot;t&quot;:13,&quot;b&quot;:1,&quot;c.t&quot;:7}\"><b>Instituto Brasileiro de Geografia e Estat\u00edstica (IBGE)<\/b><\/a>.<\/p>\n","protected":false},"excerpt":{"rendered":"<p>Entra em vigor a partir desta segunda-feira, 1\u00ba de janeiro, o novo valor do\u00a0sal\u00e1rio m\u00ednimo: R$ 1.412. O novo valor corresponde a um aumento de 6,97%, ou R$ 92, em compara\u00e7\u00e3o ao valor anterior, que era de R$ 1.320. Como a mudan\u00e7a vale a partir do dia primeiro dia de janeiro, o novo valor come\u00e7ar\u00e1 &hellip;<\/p>\n","protected":false},"author":3,"featured_media":72974,"comment_status":"closed","ping_status":"open","sticky":false,"template":"","format":"standard","meta":{"footnotes":""},"categories":[3],"tags":[],"class_list":["post-72973","post","type-post","status-publish","format-standard","has-post-thumbnail","hentry","category-nacional"],"_links":{"self":[{"href":"https:\/\/goiasemtempo.com.br\/home\/wp-json\/wp\/v2\/posts\/72973","targetHints":{"allow":["GET"]}}],"collection":[{"href":"https:\/\/goiasemtempo.com.br\/home\/wp-json\/wp\/v2\/posts"}],"about":[{"href":"https:\/\/goiasemtempo.com.br\/home\/wp-json\/wp\/v2\/types\/post"}],"author":[{"embeddable":true,"href":"https:\/\/goiasemtempo.com.br\/home\/wp-json\/wp\/v2\/users\/3"}],"replies":[{"embeddable":true,"href":"https:\/\/goiasemtempo.com.br\/home\/wp-json\/wp\/v2\/comments?post=72973"}],"version-history":[{"count":1,"href":"https:\/\/goiasemtempo.com.br\/home\/wp-json\/wp\/v2\/posts\/72973\/revisions"}],"predecessor-version":[{"id":72975,"href":"https:\/\/goiasemtempo.com.br\/home\/wp-json\/wp\/v2\/posts\/72973\/revisions\/72975"}],"wp:featuredmedia":[{"embeddable":true,"href":"https:\/\/goiasemtempo.com.br\/home\/wp-json\/wp\/v2\/media\/72974"}],"wp:attachment":[{"href":"https:\/\/goiasemtempo.com.br\/home\/wp-json\/wp\/v2\/media?parent=72973"}],"wp:term":[{"taxonomy":"category","embeddable":true,"href":"https:\/\/goiasemtempo.com.br\/home\/wp-json\/wp\/v2\/categories?post=72973"},{"taxonomy":"post_tag","embeddable":true,"href":"https:\/\/goiasemtempo.com.br\/home\/wp-json\/wp\/v2\/tags?post=72973"}],"curies":[{"name":"wp","href":"https:\/\/api.w.org\/{rel}","templated":true}]}}