{"id":7295,"date":"2017-12-28T13:16:11","date_gmt":"2017-12-28T13:16:11","guid":{"rendered":"http:\/\/goiasemtempo.com.br\/home\/?p=7295"},"modified":"2017-12-28T13:16:11","modified_gmt":"2017-12-28T13:16:11","slug":"vendas-no-natal-tem-primeiro-aumento-apos-tres-anos-de-retracao-2","status":"publish","type":"post","link":"https:\/\/goiasemtempo.com.br\/home\/vendas-no-natal-tem-primeiro-aumento-apos-tres-anos-de-retracao-2\/","title":{"rendered":"Vendas no Natal t\u00eam primeiro aumento ap\u00f3s tr\u00eas anos de retra\u00e7\u00e3o"},"content":{"rendered":"<p>As vendas a prazo na semana anterior ao Natal, entre os dias 18 e 24 de dezembro, aumentaram 4,72% na compara\u00e7\u00e3o com as de 2016. Trata-se do primeiro ano de crescimento ap\u00f3s tr\u00eas anos consecutivos de retra\u00e7\u00e3o. Os dados, divulgados hoje (26), s\u00e3o do Servi\u00e7o de Prote\u00e7\u00e3o ao Cr\u00e9dito (SPC Brasil) e da Confedera\u00e7\u00e3o Nacional de Dirigentes Lojistas (CNDL).<\/p>\n<p>Os resultados de vendas a prazo no Natal nos anos anteriores foram: -1,46% (2016), -15,84% (2015) e -0,7% (2014). Neste ano, com exce\u00e7\u00e3o do Natal e do Dia das Crian\u00e7as (crescimento de 3%), nas demais datas festivas, as vendas n\u00e3o tiveram resultados animadores: P\u00e1scoa (+0,93%), Dia das M\u00e3es (-5,50%), Dia dos Namorados (-9,61%) e Dia dos Pais (-2,18%).<\/p>\n<p>\u201cO acesso ao cr\u00e9dito mais dif\u00edcil e os juros elevados ainda limitam o poder de compras dos brasileiros, mas, com a economia dando sinais de retomada, os consumidores foram \u00e0s compras de forma menos t\u00edmida que nos \u00faltimos anos e tamb\u00e9m nas outras datas comemorativas de 2017\u201d, disse o presidente do SPC Brasil, Roque Pellizzaro. Segundo Pellizzaro, por\u00e9m, embora o crescimento deste ano pare\u00e7a forte, ainda est\u00e1 longe dos resultados dos anos anteriores \u00e0 crise econ\u00f4mica.<\/p>\n<p>O c\u00e1lculo de vendas a prazo \u00e9 baseado no volume de consultas feitas ao banco de dados do SPC Brasil, com abrang\u00eancia nacional, entre os dias 18 e 24 deste m\u00eas. Segundo levantamento da entidade, o gasto m\u00e9dio do brasileiro com o total de presentes de Natal girou em torno de R$ 461,91. A estimativa \u00e9 de que a data movimentasse cerca de R$ 51 bilh\u00f5es na economia.<\/p>\n<p>Edi\u00e7\u00e3o: N\u00e1dia Franco<\/p>\n","protected":false},"excerpt":{"rendered":"<p>As vendas a prazo na semana anterior ao Natal, entre os dias 18 e 24 de dezembro, aumentaram 4,72% na compara\u00e7\u00e3o com as de 2016. Trata-se do primeiro ano de crescimento ap\u00f3s tr\u00eas anos consecutivos de retra\u00e7\u00e3o. Os dados, divulgados hoje (26), s\u00e3o do Servi\u00e7o de Prote\u00e7\u00e3o ao Cr\u00e9dito (SPC Brasil) e da Confedera\u00e7\u00e3o Nacional &hellip;<\/p>\n","protected":false},"author":2,"featured_media":7175,"comment_status":"open","ping_status":"open","sticky":false,"template":"","format":"standard","meta":{"_exactmetrics_skip_tracking":false,"_exactmetrics_sitenote_active":false,"_exactmetrics_sitenote_note":"","_exactmetrics_sitenote_category":0,"footnotes":""},"categories":[4],"tags":[],"_links":{"self":[{"href":"https:\/\/goiasemtempo.com.br\/home\/wp-json\/wp\/v2\/posts\/7295"}],"collection":[{"href":"https:\/\/goiasemtempo.com.br\/home\/wp-json\/wp\/v2\/posts"}],"about":[{"href":"https:\/\/goiasemtempo.com.br\/home\/wp-json\/wp\/v2\/types\/post"}],"author":[{"embeddable":true,"href":"https:\/\/goiasemtempo.com.br\/home\/wp-json\/wp\/v2\/users\/2"}],"replies":[{"embeddable":true,"href":"https:\/\/goiasemtempo.com.br\/home\/wp-json\/wp\/v2\/comments?post=7295"}],"version-history":[{"count":1,"href":"https:\/\/goiasemtempo.com.br\/home\/wp-json\/wp\/v2\/posts\/7295\/revisions"}],"predecessor-version":[{"id":7296,"href":"https:\/\/goiasemtempo.com.br\/home\/wp-json\/wp\/v2\/posts\/7295\/revisions\/7296"}],"wp:featuredmedia":[{"embeddable":true,"href":"https:\/\/goiasemtempo.com.br\/home\/wp-json\/wp\/v2\/media\/7175"}],"wp:attachment":[{"href":"https:\/\/goiasemtempo.com.br\/home\/wp-json\/wp\/v2\/media?parent=7295"}],"wp:term":[{"taxonomy":"category","embeddable":true,"href":"https:\/\/goiasemtempo.com.br\/home\/wp-json\/wp\/v2\/categories?post=7295"},{"taxonomy":"post_tag","embeddable":true,"href":"https:\/\/goiasemtempo.com.br\/home\/wp-json\/wp\/v2\/tags?post=7295"}],"curies":[{"name":"wp","href":"https:\/\/api.w.org\/{rel}","templated":true}]}}