{"id":72902,"date":"2023-12-28T14:36:54","date_gmt":"2023-12-28T14:36:54","guid":{"rendered":"https:\/\/goiasemtempo.com.br\/home\/?p=72902"},"modified":"2023-12-28T14:36:54","modified_gmt":"2023-12-28T14:36:54","slug":"mudas-do-jardim-botanico-ja-podem-ser-doadas-a-populacao-de-anapolis","status":"publish","type":"post","link":"https:\/\/goiasemtempo.com.br\/home\/mudas-do-jardim-botanico-ja-podem-ser-doadas-a-populacao-de-anapolis\/","title":{"rendered":"Mudas do Jardim Bot\u00e2nico j\u00e1 podem ser doadas \u00e0 popula\u00e7\u00e3o de An\u00e1polis"},"content":{"rendered":"<p>Foi aberta a campanha de doa\u00e7\u00e3o de mudas no rec\u00e9m-inaugurado Jardim Bot\u00e2nico. Os interessados, al\u00e9m de poderem usufruir de um espa\u00e7o natural, ainda t\u00eam a oportunidade de levar para casa tr\u00eas unidades de esp\u00e9cies nativas do Cerrado, frut\u00edferas ou ornamentais por CPF. A entrada \u00e9 gratuita e o local fica aberto de ter\u00e7a-feira a sexta-feira, das 8h \u00e0s 18h.<\/p>\n<p>Vale lembrar que aqueles que levarem 20 latinhas descart\u00e1veis podem trocar por at\u00e9 10 mudas. \u201cEssa \u00e9 uma maneira que a gente encontrou de incentivar a reciclagem e fazer com que as pessoas plantem \u00e1rvores em suas casas\u201d, ressaltou o diretor de Meio Ambiente, Thiago Vitorino.<\/p>\n<p>Maria Alice da Silva, de 56 anos, escolheu mudas de pequi, manga e uma ornamental para levar para sua ch\u00e1cara. \u201cAchei essa a\u00e7\u00e3o muito boa, principalmente para quem gosta da natureza e n\u00e3o tem condi\u00e7\u00f5es financeiras para comprar plantas, porque todas est\u00e3o muito caras. Ent\u00e3o temos que aproveitar oportunidades como esta.\u201d<\/p>\n<p>O diretor ressaltou a import\u00e2ncia de a\u00e7\u00f5es como essa na cidade. \u201cEssa campanha de doa\u00e7\u00e3o tem como objetivo propagar o plantio de \u00e1rvores e plantas na cidade, fazendo com que tenhamos o controle das enchentes, melhore a nossa temperatura e possa trazer para nosso munic\u00edpio um ar mais saud\u00e1vel, mais arborizado. \u00c9 importante que cada pessoa traga um documento para receber as mudas.\u201d<\/p>\n","protected":false},"excerpt":{"rendered":"<p>Foi aberta a campanha de doa\u00e7\u00e3o de mudas no rec\u00e9m-inaugurado Jardim Bot\u00e2nico. Os interessados, al\u00e9m de poderem usufruir de um espa\u00e7o natural, ainda t\u00eam a oportunidade de levar para casa tr\u00eas unidades de esp\u00e9cies nativas do Cerrado, frut\u00edferas ou ornamentais por CPF. A entrada \u00e9 gratuita e o local fica aberto de ter\u00e7a-feira a sexta-feira, &hellip;<\/p>\n","protected":false},"author":3,"featured_media":72903,"comment_status":"closed","ping_status":"open","sticky":false,"template":"","format":"standard","meta":{"footnotes":""},"categories":[18,19,504,4],"tags":[],"class_list":["post-72902","post","type-post","status-publish","format-standard","has-post-thumbnail","hentry","category-anapolis","category-manchete","category-meio-ambiente","category-ultimas-noticias"],"_links":{"self":[{"href":"https:\/\/goiasemtempo.com.br\/home\/wp-json\/wp\/v2\/posts\/72902","targetHints":{"allow":["GET"]}}],"collection":[{"href":"https:\/\/goiasemtempo.com.br\/home\/wp-json\/wp\/v2\/posts"}],"about":[{"href":"https:\/\/goiasemtempo.com.br\/home\/wp-json\/wp\/v2\/types\/post"}],"author":[{"embeddable":true,"href":"https:\/\/goiasemtempo.com.br\/home\/wp-json\/wp\/v2\/users\/3"}],"replies":[{"embeddable":true,"href":"https:\/\/goiasemtempo.com.br\/home\/wp-json\/wp\/v2\/comments?post=72902"}],"version-history":[{"count":1,"href":"https:\/\/goiasemtempo.com.br\/home\/wp-json\/wp\/v2\/posts\/72902\/revisions"}],"predecessor-version":[{"id":72904,"href":"https:\/\/goiasemtempo.com.br\/home\/wp-json\/wp\/v2\/posts\/72902\/revisions\/72904"}],"wp:featuredmedia":[{"embeddable":true,"href":"https:\/\/goiasemtempo.com.br\/home\/wp-json\/wp\/v2\/media\/72903"}],"wp:attachment":[{"href":"https:\/\/goiasemtempo.com.br\/home\/wp-json\/wp\/v2\/media?parent=72902"}],"wp:term":[{"taxonomy":"category","embeddable":true,"href":"https:\/\/goiasemtempo.com.br\/home\/wp-json\/wp\/v2\/categories?post=72902"},{"taxonomy":"post_tag","embeddable":true,"href":"https:\/\/goiasemtempo.com.br\/home\/wp-json\/wp\/v2\/tags?post=72902"}],"curies":[{"name":"wp","href":"https:\/\/api.w.org\/{rel}","templated":true}]}}