{"id":72814,"date":"2023-12-18T23:08:30","date_gmt":"2023-12-18T23:08:30","guid":{"rendered":"https:\/\/goiasemtempo.com.br\/home\/?p=72814"},"modified":"2023-12-18T23:08:30","modified_gmt":"2023-12-18T23:08:30","slug":"roberto-e-vivian-naves-visitam-instalacoes-onde-sera-construida-a-upa-da-mulher-de-anapolis","status":"publish","type":"post","link":"https:\/\/goiasemtempo.com.br\/home\/roberto-e-vivian-naves-visitam-instalacoes-onde-sera-construida-a-upa-da-mulher-de-anapolis\/","title":{"rendered":"Roberto e Vivian Naves visitam instala\u00e7\u00f5es onde ser\u00e1 constru\u00edda a UPA da Mulher de An\u00e1polis"},"content":{"rendered":"<p>O prefeito Roberto Naves (Republicanos), acompanhado da primeira-dama e deputada estadual Vivian Naves (PP), realizou inspe\u00e7\u00e3o, na manh\u00e3 desta segunda-feira, 18, \u00e0s instala\u00e7\u00f5es do antigo Hospital Municipal Jamel Cec\u00edlio, na Vila Santana.<\/p>\n<p>Este ato faz parte dos procedimentos que visam dar ordem de servi\u00e7o, nos pr\u00f3ximos dias, para a constru\u00e7\u00e3o, naquele pr\u00e9dio, da Unidade de Pronto Atendimento da Mulher Anapolina Prefeito Jamel Cec\u00edlio.<\/p>\n<p>Na sexta-feira, 15, durante reuni\u00e3o no escrit\u00f3rio pol\u00edtico de Vivian Naves, a deputada anunciou a destina\u00e7\u00e3o da totalidade das emendas \u00e0s quais tem direito no Or\u00e7amento do Estado para 2024, para a constru\u00e7\u00e3o desta unidade de sa\u00fade: R$ 11,5 milh\u00f5es.<\/p>\n<p>A ordem de servi\u00e7o, segundo Roberto Naves, ser\u00e1 dada nos pr\u00f3ximos dias, com a utiliza\u00e7\u00e3o inicial de recursos do Munic\u00edpio. Em abril, quando os recursos da emenda parlamentar de Vivian Naves chegar ao Fundo Municipal da Sa\u00fade, \u00e9 feitas a compensa\u00e7\u00e3o.<\/p>\n<p>A \u00e1rea onde ser\u00e1 constru\u00edda a UPA da Mulher Anapolina Prefeito Jamel Cec\u00edlio, informou Roberto Naves, tem mais de 3 mil metros quadrados. Segundo levantamentos t\u00e9cnicos da Secretaria de Obras, o custo a ser investido vai variar de R$ 9 milh\u00f5es a R$ 11 milh\u00f5es.<\/p>\n<p>A inspe\u00e7\u00e3o ao antigo HM Jamel Cec\u00edlio teve ainda as presen\u00e7as do vice-prefeito M\u00e1rcio C\u00e2ndido (PSD); o vice-presidente e l\u00edder do prefeito na C\u00e2mara Municipal, vereador Jakson Charles (PSB); os secret\u00e1rios Wederson Lopes (Obras) e Elinner Rosa (Sa\u00fade); e diretores da Prefeitura.<\/p>\n<p>Com DM An\u00e1polis<\/p>\n","protected":false},"excerpt":{"rendered":"<p>O prefeito Roberto Naves (Republicanos), acompanhado da primeira-dama e deputada estadual Vivian Naves (PP), realizou inspe\u00e7\u00e3o, na manh\u00e3 desta segunda-feira, 18, \u00e0s instala\u00e7\u00f5es do antigo Hospital Municipal Jamel Cec\u00edlio, na Vila Santana. Este ato faz parte dos procedimentos que visam dar ordem de servi\u00e7o, nos pr\u00f3ximos dias, para a constru\u00e7\u00e3o, naquele pr\u00e9dio, da Unidade de &hellip;<\/p>\n","protected":false},"author":3,"featured_media":72815,"comment_status":"closed","ping_status":"open","sticky":false,"template":"","format":"standard","meta":{"footnotes":""},"categories":[18,19,2,16],"tags":[],"class_list":["post-72814","post","type-post","status-publish","format-standard","has-post-thumbnail","hentry","category-anapolis","category-manchete","category-politica","category-saude"],"_links":{"self":[{"href":"https:\/\/goiasemtempo.com.br\/home\/wp-json\/wp\/v2\/posts\/72814","targetHints":{"allow":["GET"]}}],"collection":[{"href":"https:\/\/goiasemtempo.com.br\/home\/wp-json\/wp\/v2\/posts"}],"about":[{"href":"https:\/\/goiasemtempo.com.br\/home\/wp-json\/wp\/v2\/types\/post"}],"author":[{"embeddable":true,"href":"https:\/\/goiasemtempo.com.br\/home\/wp-json\/wp\/v2\/users\/3"}],"replies":[{"embeddable":true,"href":"https:\/\/goiasemtempo.com.br\/home\/wp-json\/wp\/v2\/comments?post=72814"}],"version-history":[{"count":1,"href":"https:\/\/goiasemtempo.com.br\/home\/wp-json\/wp\/v2\/posts\/72814\/revisions"}],"predecessor-version":[{"id":72816,"href":"https:\/\/goiasemtempo.com.br\/home\/wp-json\/wp\/v2\/posts\/72814\/revisions\/72816"}],"wp:featuredmedia":[{"embeddable":true,"href":"https:\/\/goiasemtempo.com.br\/home\/wp-json\/wp\/v2\/media\/72815"}],"wp:attachment":[{"href":"https:\/\/goiasemtempo.com.br\/home\/wp-json\/wp\/v2\/media?parent=72814"}],"wp:term":[{"taxonomy":"category","embeddable":true,"href":"https:\/\/goiasemtempo.com.br\/home\/wp-json\/wp\/v2\/categories?post=72814"},{"taxonomy":"post_tag","embeddable":true,"href":"https:\/\/goiasemtempo.com.br\/home\/wp-json\/wp\/v2\/tags?post=72814"}],"curies":[{"name":"wp","href":"https:\/\/api.w.org\/{rel}","templated":true}]}}