{"id":7280,"date":"2017-12-28T13:11:49","date_gmt":"2017-12-28T13:11:49","guid":{"rendered":"http:\/\/goiasemtempo.com.br\/home\/?p=7280"},"modified":"2017-12-28T13:11:49","modified_gmt":"2017-12-28T13:11:49","slug":"uniao-europeia-declara-pleno-apoio-a-reforma-das-nacoes-unidas-2","status":"publish","type":"post","link":"https:\/\/goiasemtempo.com.br\/home\/uniao-europeia-declara-pleno-apoio-a-reforma-das-nacoes-unidas-2\/","title":{"rendered":"Uni\u00e3o Europeia declara pleno apoio \u00e0 reforma das Na\u00e7\u00f5es Unidas"},"content":{"rendered":"<p>A Uni\u00e3o Europeia apoia o conjunto de reformas para as Na\u00e7\u00f5es Unidas apresentado pelo secret\u00e1rio-geral da organiza\u00e7\u00e3o, Ant\u00f3nio Guterres, declarou o representante da Uni\u00e3o Europeia (UE) junto \u00e0 ONU em Nova York, o embaixador Jo\u00e3o Vale de Almeida. A informa\u00e7\u00e3o \u00e9 da ONU News.<\/p>\n<p>Ele disse que a organiza\u00e7\u00e3o deve acelerar o seu processo de mudan\u00e7a e que \u00e9 preciso concentrar-se na agenda pol\u00edtica da ONU para levar a cabo as reformas necess\u00e1rias. Estamos a falar dos Objetivos de Desenvolvimento Sustent\u00e1vel (ODS), estamos a falar da quest\u00e3o das altera\u00e7\u00f5es clim\u00e1ticas. Estamos a falar das fun\u00e7\u00f5es no dom\u00ednio da paz e seguran\u00e7a que as Na\u00e7\u00f5es Unidas devem cumprir\u201d, ressaltou.<\/p>\n<p>Segundo Almeida, antes de mais nada \u00e9 preciso \u201cfazer aquilo que politicamente \u00e9 necess\u00e1rio e p\u00f4r todos os meios das Na\u00e7\u00f5es Unidas ao servi\u00e7o desses objetivos globais. Em segundo lugar: reformar as estruturas de maneira que elas possam ser mais produtivas e mais capazes de contribuir para esses objetivos.<\/p>\n<p>Melhoras<\/p>\n<p>Para o embaixador da Uni\u00e3o Europeia, existem v\u00e1rias melhorias que podem ser introduzidas ao sistema de desenvolvimento da ONU e tamb\u00e9m na gest\u00e3o da organiza\u00e7\u00e3o.<\/p>\n<p>Em v\u00e1rias \u00e1reas, na \u00e1rea da paz e de seguran\u00e7a tamb\u00e9m, certamente h\u00e1 melhor maneira de fazer aquilo que se est\u00e1 a fazer atualmente, de uma forma mais eficaz. O secret\u00e1rio-geral tem ideias interessantes que p\u00f4s na mesa e que estamos a discutir neste momento. Estamos, os nossos 28 Estados-membros (da UE) e eu pr\u00f3prio, totalmente empenhados nessa discuss\u00e3o, de maneira que cheguemos a consenso o mais rapidamente poss\u00edvel, destacou.<\/p>\n<p>H\u00e1 urg\u00eancia em implementar os ODS. A Uni\u00e3o Europeia (UE) est\u00e1 totalmente empenhada neste objetivo. Eu diria que isso \u00e9 uma das primeiras grandes prioridades que n\u00f3s temos na nossa a\u00e7\u00e3o com as Na\u00e7\u00f5es Unidas no pr\u00f3ximo ano. Em segundo lugar, v\u00eam os grandes desafios globais, como por exemplo, as altera\u00e7\u00f5es clim\u00e1ticas.<\/p>\n<p>\u201cA\u00ed temos o Acordo de Paris que \u00e9 muito importante, \u00e9 preciso implementar. \u00c9 preciso implementar a\u00e7\u00f5es que permitam proteger-nos das altera\u00e7\u00f5es nefastas provindas das altera\u00e7\u00f5es clim\u00e1ticas\u201d, disse o embaixador Almeida, que lidera os trabalhos de coopera\u00e7\u00e3o da UE, em Nova Iorque. Segundo ele, a implementa\u00e7\u00e3o dos 17 ODSs e de medidas de mitiga\u00e7\u00e3o de mudan\u00e7as clim\u00e1ticas precisam de financiamento e apoio t\u00e9cnico, especialmente nos pa\u00edses em desenvolvimento e naqueles que ser\u00e3o mais afetados.<\/p>\n<p>Prioridade<\/p>\n<p>Para o secret\u00e1rio-geral da ONU, Ant\u00f3nio Guterres, a reforma das Na\u00e7\u00f5es Unidas \u00e9 uma das suas prioridades. Durante um evento para embaixadores dos pa\u00edses-membros, em setembro, ele destacou os desafios associados \u00e0 burocracia da organiza\u00e7\u00e3o, e disse que o objetivo da reforma s\u00e3o as pessoas a quem a ONU serve.<\/p>\n<p>Segundo Guterres, uma das mudan\u00e7as propostas \u00e9 transformar o sistema de desenvolvimento das Na\u00e7\u00f5es Unidas numa opera\u00e7\u00e3o muito mais voltada para as pessoas e para os locais necessitados, assistindo melhor os pa\u00edses atrav\u00e9s da Agenda 2030 de Desenvolvimento Sustent\u00e1vel da ONU.<\/p>\n","protected":false},"excerpt":{"rendered":"<p>A Uni\u00e3o Europeia apoia o conjunto de reformas para as Na\u00e7\u00f5es Unidas apresentado pelo secret\u00e1rio-geral da organiza\u00e7\u00e3o, Ant\u00f3nio Guterres, declarou o representante da Uni\u00e3o Europeia (UE) junto \u00e0 ONU em Nova York, o embaixador Jo\u00e3o Vale de Almeida. A informa\u00e7\u00e3o \u00e9 da ONU News. Ele disse que a organiza\u00e7\u00e3o deve acelerar o seu processo de &hellip;<\/p>\n","protected":false},"author":2,"featured_media":7182,"comment_status":"open","ping_status":"open","sticky":false,"template":"","format":"standard","meta":{"_exactmetrics_skip_tracking":false,"_exactmetrics_sitenote_active":false,"_exactmetrics_sitenote_note":"","_exactmetrics_sitenote_category":0,"footnotes":""},"categories":[4],"tags":[],"_links":{"self":[{"href":"https:\/\/goiasemtempo.com.br\/home\/wp-json\/wp\/v2\/posts\/7280"}],"collection":[{"href":"https:\/\/goiasemtempo.com.br\/home\/wp-json\/wp\/v2\/posts"}],"about":[{"href":"https:\/\/goiasemtempo.com.br\/home\/wp-json\/wp\/v2\/types\/post"}],"author":[{"embeddable":true,"href":"https:\/\/goiasemtempo.com.br\/home\/wp-json\/wp\/v2\/users\/2"}],"replies":[{"embeddable":true,"href":"https:\/\/goiasemtempo.com.br\/home\/wp-json\/wp\/v2\/comments?post=7280"}],"version-history":[{"count":1,"href":"https:\/\/goiasemtempo.com.br\/home\/wp-json\/wp\/v2\/posts\/7280\/revisions"}],"predecessor-version":[{"id":7281,"href":"https:\/\/goiasemtempo.com.br\/home\/wp-json\/wp\/v2\/posts\/7280\/revisions\/7281"}],"wp:featuredmedia":[{"embeddable":true,"href":"https:\/\/goiasemtempo.com.br\/home\/wp-json\/wp\/v2\/media\/7182"}],"wp:attachment":[{"href":"https:\/\/goiasemtempo.com.br\/home\/wp-json\/wp\/v2\/media?parent=7280"}],"wp:term":[{"taxonomy":"category","embeddable":true,"href":"https:\/\/goiasemtempo.com.br\/home\/wp-json\/wp\/v2\/categories?post=7280"},{"taxonomy":"post_tag","embeddable":true,"href":"https:\/\/goiasemtempo.com.br\/home\/wp-json\/wp\/v2\/tags?post=7280"}],"curies":[{"name":"wp","href":"https:\/\/api.w.org\/{rel}","templated":true}]}}