{"id":72745,"date":"2023-12-06T00:23:01","date_gmt":"2023-12-06T00:23:01","guid":{"rendered":"https:\/\/goiasemtempo.com.br\/home\/?p=72745"},"modified":"2023-12-06T00:23:01","modified_gmt":"2023-12-06T00:23:01","slug":"benzeno-de-combustiveis-vira-preocupacao-em-goias","status":"publish","type":"post","link":"https:\/\/goiasemtempo.com.br\/home\/benzeno-de-combustiveis-vira-preocupacao-em-goias\/","title":{"rendered":"Benzeno de combust\u00edveis vira preocupa\u00e7\u00e3o em Goi\u00e1s"},"content":{"rendered":"<p>Um estudo realizado pela Secretaria Estadual de Sa\u00fade de Goi\u00e1s (SES-GO) alertou para o risco da exposi\u00e7\u00e3o ao benzeno em postos revendedores de combust\u00edveis. A pasta realizou um levantamento neste ano, entre agosto e novembro, em 53 postos de Goi\u00e2nia e encontrou uma s\u00e9rie de inconformidades.<\/p>\n<p>De acordo com a SES-GO, esta subst\u00e2ncia \u00e9 t\u00f3xica e cancer\u00edgena e pode afetar n\u00e3o somente o meio ambiente, mas tamb\u00e9m moradores de im\u00f3veis vizinhos \u00e0s empresas. O tema foi, inclusive, tratado numa audi\u00eancia p\u00fablica promovida pela secretaria em parceria com o Minist\u00e9rio P\u00fablico do Trabalho de Goi\u00e1s (MPT-GO), na \u00faltima semana.<\/p>\n<p>Na ocasi\u00e3o, foram debatidos os riscos do benzeno \u00e0 sa\u00fade dos trabalhadores dos postos revendedores de combust\u00edveis. Vale ressaltar que esta subst\u00e2ncia \u00e9 altamente presente em petr\u00f3leo e derivados.<\/p>\n<p>Na audi\u00eancia, foi apresentado o resultado do projeto de Vigil\u00e2ncia Ambiental e Sa\u00fade do Trabalhador das Popula\u00e7\u00f5es Expostas ao Benzeno no Estado de Goi\u00e1s, desenvolvido na Superintend\u00eancia de Vigil\u00e2ncia em Sa\u00fade (Suvisa).<\/p>\n<p>Entre os problemas encontrados no resultado do projeto Vigil\u00e2ncia Ambiental e Sa\u00fade do Trabalhador das Popula\u00e7\u00f5es Expostas ao Benzeno no Estado de Goi\u00e1s, est\u00e1 o fato de que 49% dos estabelecimentos n\u00e3o usavam bico de prote\u00e7\u00e3o nas bombas contra respingos.<\/p>\n<p>Outros 38% n\u00e3o tinham local adequado para o armazenamento de amostras de combust\u00edveis coletadas. Em entrevista com 177 trabalhadores, foi identificado tamb\u00e9m que 5% deles n\u00e3o sabiam sobre os riscos do benzeno, e outros 10% n\u00e3o receberam nenhum tipo de treinamento em sa\u00fade ocupacional. E ainda 78% dos frentistas alegaram fazer, al\u00e9m do abastecimento autom\u00e1tico, tamb\u00e9m o manual, proibido pela legisla\u00e7\u00e3o por aumentar a exposi\u00e7\u00e3o ao componente qu\u00edmico.<\/p>\n<p>Como riscos ao meio ambiente, o trabalho identificou descarte inapropriado de res\u00edduos, como flanelas (36%), areia contaminada (47%), \u00f3leo lubrificante usado (23%), dentre outros itens, pelos postos de combust\u00edveis. Al\u00e9m dos pr\u00f3prios funcion\u00e1rios, as inconformidades encontradas colocam em risco ainda mais de 500 im\u00f3veis (residenciais e comerciais) que ficam na vizinhan\u00e7a dos estabelecimentos visitados.<\/p>\n<p>O estudo, iniciado em 2019, foi paralisado por causa da pandemia de Covid-19 e retornou este ano com a atualiza\u00e7\u00e3o dos dados. \u201cComparando os resultados de 2019 com os de 2023, observamos uma manuten\u00e7\u00e3o dos padr\u00f5es encontrados na \u00e9poca. Ou seja, mesmo no p\u00f3s-pandemia n\u00e3o houve piora, mas h\u00e1 necessidade de melhora, para garantir a sa\u00fade da popula\u00e7\u00e3o\u201d, explicou a superintendente de Vigil\u00e2ncia em Sa\u00fade da SES, Fl\u00favia Amorim.<\/p>\n<p>Ela lembrou os trabalhos que v\u00eam sendo desenvolvidos na pasta para evitar o adoecimento da popula\u00e7\u00e3o. \u201cN\u00f3s temos como objetivo trabalhar em conjunto para, diante de um problema levantado, desenvolver pol\u00edticas que sejam promotoras de sa\u00fade, preventivas de doen\u00e7as, para que a gente tenha esses trabalhadores, assim como toda a popula\u00e7\u00e3o, com mais qualidade de vida e mais sa\u00fade\u201d, pontuou, ao anunciar a amplia\u00e7\u00e3o do projeto.<\/p>\n<p>\u201cNuma reuni\u00e3o com a equipe t\u00e9cnica, a gente definiu que, de acordo com os resultados apresentados e com as discuss\u00f5es feitas, o projeto Benzeno passar\u00e1 para programa estadual. Para isso a gente precisa, com certeza, da colabora\u00e7\u00e3o de todos\u201d, refor\u00e7ou a superintendente.<\/p>\n","protected":false},"excerpt":{"rendered":"<p>Um estudo realizado pela Secretaria Estadual de Sa\u00fade de Goi\u00e1s (SES-GO) alertou para o risco da exposi\u00e7\u00e3o ao benzeno em postos revendedores de combust\u00edveis. A pasta realizou um levantamento neste ano, entre agosto e novembro, em 53 postos de Goi\u00e2nia e encontrou uma s\u00e9rie de inconformidades. De acordo com a SES-GO, esta subst\u00e2ncia \u00e9 t\u00f3xica &hellip;<\/p>\n","protected":false},"author":3,"featured_media":72746,"comment_status":"closed","ping_status":"open","sticky":false,"template":"","format":"standard","meta":{"_exactmetrics_skip_tracking":false,"_exactmetrics_sitenote_active":false,"_exactmetrics_sitenote_note":"","_exactmetrics_sitenote_category":0,"footnotes":""},"categories":[15,19,16],"tags":[],"_links":{"self":[{"href":"https:\/\/goiasemtempo.com.br\/home\/wp-json\/wp\/v2\/posts\/72745"}],"collection":[{"href":"https:\/\/goiasemtempo.com.br\/home\/wp-json\/wp\/v2\/posts"}],"about":[{"href":"https:\/\/goiasemtempo.com.br\/home\/wp-json\/wp\/v2\/types\/post"}],"author":[{"embeddable":true,"href":"https:\/\/goiasemtempo.com.br\/home\/wp-json\/wp\/v2\/users\/3"}],"replies":[{"embeddable":true,"href":"https:\/\/goiasemtempo.com.br\/home\/wp-json\/wp\/v2\/comments?post=72745"}],"version-history":[{"count":1,"href":"https:\/\/goiasemtempo.com.br\/home\/wp-json\/wp\/v2\/posts\/72745\/revisions"}],"predecessor-version":[{"id":72747,"href":"https:\/\/goiasemtempo.com.br\/home\/wp-json\/wp\/v2\/posts\/72745\/revisions\/72747"}],"wp:featuredmedia":[{"embeddable":true,"href":"https:\/\/goiasemtempo.com.br\/home\/wp-json\/wp\/v2\/media\/72746"}],"wp:attachment":[{"href":"https:\/\/goiasemtempo.com.br\/home\/wp-json\/wp\/v2\/media?parent=72745"}],"wp:term":[{"taxonomy":"category","embeddable":true,"href":"https:\/\/goiasemtempo.com.br\/home\/wp-json\/wp\/v2\/categories?post=72745"},{"taxonomy":"post_tag","embeddable":true,"href":"https:\/\/goiasemtempo.com.br\/home\/wp-json\/wp\/v2\/tags?post=72745"}],"curies":[{"name":"wp","href":"https:\/\/api.w.org\/{rel}","templated":true}]}}