{"id":72638,"date":"2023-11-24T11:53:34","date_gmt":"2023-11-24T11:53:34","guid":{"rendered":"https:\/\/goiasemtempo.com.br\/home\/?p=72638"},"modified":"2023-11-24T11:53:34","modified_gmt":"2023-11-24T11:53:34","slug":"prefeitura-de-anapolis-entrega-duplicacao-da-avenida-dona-elvira-e-libera-trafego-em-ponte-do-st-sul","status":"publish","type":"post","link":"https:\/\/goiasemtempo.com.br\/home\/prefeitura-de-anapolis-entrega-duplicacao-da-avenida-dona-elvira-e-libera-trafego-em-ponte-do-st-sul\/","title":{"rendered":"Prefeitura de An\u00e1polis entrega duplica\u00e7\u00e3o da Avenida Dona Elvira e libera tr\u00e1fego em ponte do St. Sul"},"content":{"rendered":"<p>Foi inaugurada na manh\u00e3 desta quinta-feira (23) a obra de duplica\u00e7\u00e3o e pavimenta\u00e7\u00e3o da Avenida Dona Elvira, no Bairro S\u00e3o Carlos. A extens\u00e3o da via vai beneficiar diretamente mais de 2 mil moradores e foi conclu\u00edda num prazo de 90 dias desde a ordem de servi\u00e7o.<\/p>\n<p>A duplica\u00e7\u00e3o da avenida integra o eixo de infraestrutura do An\u00e1polis Investe. Ela ser\u00e1 importante para desafogar o tr\u00e1fego na regi\u00e3o do Recanto do Sol, quando o novo viaduto estiver pronto.<\/p>\n<p>&#8220;Essa obra \u00e9 muito importante, pois integrar\u00e1 com o viaduto do Recanto do Sol. Assim, os moradores que precisam transitar entre essa regi\u00e3o do recanto com a Santa Maria Nazareth, ou at\u00e9 mesmo para o lado da Avenida Universit\u00e1ria e Brasil, ter\u00e3o uma fluidez, pois desafogaremos toda circula\u00e7\u00e3o\u201d, disse o prefeito Roberto Naves.<\/p>\n<p>O trajeto recebeu 10.203,66m\u00b2 de pavimenta\u00e7\u00e3o e 1.749,55m\u00b2 de restaura\u00e7\u00e3o. Al\u00e9m de ter 4.264,13m\u00b2 de cal\u00e7adas com acessibilidade, drenagem e meio-fio. Para a execu\u00e7\u00e3o, ser\u00e3o investidos aproximadamente R$ 4.902.793,28.<\/p>\n<p>\u201cOferecer uma infraestrutura e mobilidade de qualidade \u00e9 o padr\u00e3o de todas as obras do An\u00e1polis Investe. Essa, por exemplo, al\u00e9m de ser uma nova porta de entrada e sa\u00edda, ela \u00e9 uma maneira dos moradores conseguirem ter qualidade de vida, j\u00e1 que v\u00e3o passar menos tempo no tr\u00e2nsito\u201d, informou o secret\u00e1rio de Obras, Meio Ambiente e Servi\u00e7os Urbanos, Albenzio Vento.<\/p>\n<p><strong>Tr\u00e1fego liberado em ponte<\/strong><\/p>\n<p>Estava marcada para a noite desta quinta a entrega da obra da ponte da Avenida Belo Horizonte, na conex\u00e3o do Setor Sul com o Residencial Alphaville. Contudo, por conta da tempestade que caiu na cidade no in\u00edcio da tarde, a solenidade foi cancelada.<\/p>\n<p>Todavia, o tr\u00e1fego no local j\u00e1 foi liberado por volta das 17h para os ve\u00edculos. A Prefeitura ainda n\u00e3o confirmou se a cerim\u00f4nia ser\u00e1 remarcada.<\/p>\n<p>A ponte da Avenida Belo Horizonte foi uma das tr\u00eas levadas pelas fortes chuvas que ca\u00edram no in\u00edcio do ano em An\u00e1polis. Al\u00e9m dela, tamb\u00e9m foram destru\u00eddas a da Avenida Independ\u00eancia, no Residencial Flamboyant, e da Matinha, na Vila Santa Isabel.<\/p>\n<p>A reconstru\u00e7\u00e3o da ponte \u00e9 acompanhada da amplia\u00e7\u00e3o da rede de \u00e1guas pluviais em uma extens\u00e3o de tr\u00eas quil\u00f4metros e tamb\u00e9m estruturas de conten\u00e7\u00e3o \u00e0s margens do c\u00f3rrego.<\/p>\n","protected":false},"excerpt":{"rendered":"<p>Foi inaugurada na manh\u00e3 desta quinta-feira (23) a obra de duplica\u00e7\u00e3o e pavimenta\u00e7\u00e3o da Avenida Dona Elvira, no Bairro S\u00e3o Carlos. A extens\u00e3o da via vai beneficiar diretamente mais de 2 mil moradores e foi conclu\u00edda num prazo de 90 dias desde a ordem de servi\u00e7o. A duplica\u00e7\u00e3o da avenida integra o eixo de infraestrutura &hellip;<\/p>\n","protected":false},"author":3,"featured_media":72639,"comment_status":"closed","ping_status":"open","sticky":false,"template":"","format":"standard","meta":{"footnotes":""},"categories":[18,480,19],"tags":[],"class_list":["post-72638","post","type-post","status-publish","format-standard","has-post-thumbnail","hentry","category-anapolis","category-infraestrutura","category-manchete"],"_links":{"self":[{"href":"https:\/\/goiasemtempo.com.br\/home\/wp-json\/wp\/v2\/posts\/72638","targetHints":{"allow":["GET"]}}],"collection":[{"href":"https:\/\/goiasemtempo.com.br\/home\/wp-json\/wp\/v2\/posts"}],"about":[{"href":"https:\/\/goiasemtempo.com.br\/home\/wp-json\/wp\/v2\/types\/post"}],"author":[{"embeddable":true,"href":"https:\/\/goiasemtempo.com.br\/home\/wp-json\/wp\/v2\/users\/3"}],"replies":[{"embeddable":true,"href":"https:\/\/goiasemtempo.com.br\/home\/wp-json\/wp\/v2\/comments?post=72638"}],"version-history":[{"count":1,"href":"https:\/\/goiasemtempo.com.br\/home\/wp-json\/wp\/v2\/posts\/72638\/revisions"}],"predecessor-version":[{"id":72640,"href":"https:\/\/goiasemtempo.com.br\/home\/wp-json\/wp\/v2\/posts\/72638\/revisions\/72640"}],"wp:featuredmedia":[{"embeddable":true,"href":"https:\/\/goiasemtempo.com.br\/home\/wp-json\/wp\/v2\/media\/72639"}],"wp:attachment":[{"href":"https:\/\/goiasemtempo.com.br\/home\/wp-json\/wp\/v2\/media?parent=72638"}],"wp:term":[{"taxonomy":"category","embeddable":true,"href":"https:\/\/goiasemtempo.com.br\/home\/wp-json\/wp\/v2\/categories?post=72638"},{"taxonomy":"post_tag","embeddable":true,"href":"https:\/\/goiasemtempo.com.br\/home\/wp-json\/wp\/v2\/tags?post=72638"}],"curies":[{"name":"wp","href":"https:\/\/api.w.org\/{rel}","templated":true}]}}