{"id":7262,"date":"2017-12-28T13:07:46","date_gmt":"2017-12-28T13:07:46","guid":{"rendered":"http:\/\/goiasemtempo.com.br\/home\/?p=7262"},"modified":"2017-12-28T13:07:46","modified_gmt":"2017-12-28T13:07:46","slug":"acordo-automotivo-entre-brasil-e-colombia-entra-em-vigor-2","status":"publish","type":"post","link":"https:\/\/goiasemtempo.com.br\/home\/acordo-automotivo-entre-brasil-e-colombia-entra-em-vigor-2\/","title":{"rendered":"Acordo automotivo entre Brasil e Col\u00f4mbia entra em vigor"},"content":{"rendered":"<p>S\u00c3O PAULO &#8211; O acordo automotivo entre Brasil e Col\u00f4mbia entrou em vigor com a publica\u00e7\u00e3o da portaria na sexta-feira (22) pelo MDIC (Minist\u00e9rio da Ind\u00fastria, Com\u00e9rcio Exterior e Servi\u00e7os) e zera tarifas de importa\u00e7\u00e3o de ve\u00edculos entre os pa\u00edses.<\/p>\n<p>O acordo havia sido firmado h\u00e1 dois anos, foi oficializado no ano passado, e somente agora passa a vigorar. Al\u00e9m da ind\u00fastria automotiva, o acordo prev\u00ea melhor acesso ao mercado colombiano para produtos t\u00eaxteis e sider\u00fargicos.<\/p>\n<p>\u201cEntendemos que este ser\u00e1 um grande impulso ao mercado de ve\u00edculos brasileiros, que vem melhorando seu desempenho e ter\u00e1 na Col\u00f4mbia um excelente mercado, em fun\u00e7\u00e3o da proximidade geogr\u00e1fica\u201d, avalia o ministro da pasta, Marcos Pereira.<\/p>\n<p>Ap\u00f3s dois anos de queda, o setor automotivo brasileiro voltou a crescer e deve registrar exporta\u00e7\u00f5es recorde, nas contas da Anfavea (Associa\u00e7\u00e3o Nacional dos Fabricantes de Ve\u00edculos Automotores).<\/p>\n<p>De acordo com a entidade, as montadoras j\u00e1 exportaram 700,9 mil ve\u00edculos de janeiro a novembro, um recorde para o setor, que havia vendido 457,3 mil autom\u00f3veis ao exterior no ano passado e deve fechar 2017 com exporta\u00e7\u00f5es de 745 mil unidades.<\/p>\n","protected":false},"excerpt":{"rendered":"<p>S\u00c3O PAULO &#8211; O acordo automotivo entre Brasil e Col\u00f4mbia entrou em vigor com a publica\u00e7\u00e3o da portaria na sexta-feira (22) pelo MDIC (Minist\u00e9rio da Ind\u00fastria, Com\u00e9rcio Exterior e Servi\u00e7os) e zera tarifas de importa\u00e7\u00e3o de ve\u00edculos entre os pa\u00edses. O acordo havia sido firmado h\u00e1 dois anos, foi oficializado no ano passado, e somente &hellip;<\/p>\n","protected":false},"author":2,"featured_media":7191,"comment_status":"open","ping_status":"open","sticky":false,"template":"","format":"standard","meta":{"_exactmetrics_skip_tracking":false,"_exactmetrics_sitenote_active":false,"_exactmetrics_sitenote_note":"","_exactmetrics_sitenote_category":0,"footnotes":""},"categories":[4],"tags":[],"_links":{"self":[{"href":"https:\/\/goiasemtempo.com.br\/home\/wp-json\/wp\/v2\/posts\/7262"}],"collection":[{"href":"https:\/\/goiasemtempo.com.br\/home\/wp-json\/wp\/v2\/posts"}],"about":[{"href":"https:\/\/goiasemtempo.com.br\/home\/wp-json\/wp\/v2\/types\/post"}],"author":[{"embeddable":true,"href":"https:\/\/goiasemtempo.com.br\/home\/wp-json\/wp\/v2\/users\/2"}],"replies":[{"embeddable":true,"href":"https:\/\/goiasemtempo.com.br\/home\/wp-json\/wp\/v2\/comments?post=7262"}],"version-history":[{"count":1,"href":"https:\/\/goiasemtempo.com.br\/home\/wp-json\/wp\/v2\/posts\/7262\/revisions"}],"predecessor-version":[{"id":7263,"href":"https:\/\/goiasemtempo.com.br\/home\/wp-json\/wp\/v2\/posts\/7262\/revisions\/7263"}],"wp:featuredmedia":[{"embeddable":true,"href":"https:\/\/goiasemtempo.com.br\/home\/wp-json\/wp\/v2\/media\/7191"}],"wp:attachment":[{"href":"https:\/\/goiasemtempo.com.br\/home\/wp-json\/wp\/v2\/media?parent=7262"}],"wp:term":[{"taxonomy":"category","embeddable":true,"href":"https:\/\/goiasemtempo.com.br\/home\/wp-json\/wp\/v2\/categories?post=7262"},{"taxonomy":"post_tag","embeddable":true,"href":"https:\/\/goiasemtempo.com.br\/home\/wp-json\/wp\/v2\/tags?post=7262"}],"curies":[{"name":"wp","href":"https:\/\/api.w.org\/{rel}","templated":true}]}}