{"id":72604,"date":"2023-11-21T11:37:39","date_gmt":"2023-11-21T11:37:39","guid":{"rendered":"https:\/\/goiasemtempo.com.br\/home\/?p=72604"},"modified":"2023-11-21T11:41:03","modified_gmt":"2023-11-21T11:41:03","slug":"anapolis-sedia-fase-final-de-campeonato-nacional-de-basquete-nesta-semana","status":"publish","type":"post","link":"https:\/\/goiasemtempo.com.br\/home\/anapolis-sedia-fase-final-de-campeonato-nacional-de-basquete-nesta-semana\/","title":{"rendered":"An\u00e1polis sedia fase final de campeonato nacional de basquete nesta semana"},"content":{"rendered":"<p>O Gin\u00e1sio Internacional Newton de Faria, em An\u00e1polis, vai sediar nesta semana o Campeonato Brasileiro de Sele\u00e7\u00f5es Estaduais sub-16. A competi\u00e7\u00e3o, promovida pela Confedera\u00e7\u00e3o Brasileira de Basketball (CBB), ocorre desta ter\u00e7a-feira (21) at\u00e9 a pr\u00f3xima segunda-feira (27), nos naipes masculino e feminino.<\/p>\n<p>Entre as mulheres, as sele\u00e7\u00f5es classificadas s\u00e3o Alagoas, Goi\u00e1s, Santa Catarina e S\u00e3o Paulo, no grupo A. J\u00e1 no grupo B, est\u00e3o Distrito Federal, Esp\u00edrito Santo, Paran\u00e1 e Pernambuco. No masculino, os estados representados s\u00e3o Bahia, Goi\u00e1s e S\u00e3o Paulo, na chave A. Na B, Distrito Federal, Minas Gerais, Pernambuco e Santa Catarina.<\/p>\n<p>S\u00e3o sete partidas por dia, com quatro pelo feminino e tr\u00eas no masculino. O sistema de disputa \u00e9 o mesmo para os dois naipes. Na fase inicial, as equipes jogam entre si, dentro das suas respetivas chaves, em turno \u00fanico, e os dois melhores de cada grupo avan\u00e7am para a semifinal. Posteriormente, os ganhadores da semifinal decidem o t\u00edtulo.<\/p>\n<p>Esta \u00e9 a 29\u00aa edi\u00e7\u00e3o do torneio. Para o presidente da Federa\u00e7\u00e3o Goiana de Basketball (FGB), Ely Toscano Paschoal, \u00e9 importante para o estado sediar uma competi\u00e7\u00e3o deste porte.<\/p>\n<p>\u201c\u00c9 uma satisfa\u00e7\u00e3o mais uma vez receber esta competi\u00e7\u00e3o em Goi\u00e1s. Tenho certeza de que ser\u00e1 uma \u00f3tima competi\u00e7\u00e3o, muito bem disputada tanto pelas meninas, quanto pelos meninos. Essa disputa, sempre costumo dizer, talvez seja a mais importante do Brasil, j\u00e1 que todos os estados t\u00eam a chance de mostrar o seu trabalho e apresentar os seus jogadores para todo pa\u00eds\u201d, relatou.<\/p>\n<p>Paschoal lembrou que o Brasileiro de Sele\u00e7\u00f5es Estaduais sub-16 foi celeiro para v\u00e1rios craques e ter o evento em Goi\u00e1s mostra a for\u00e7a do esporte no estado.<\/p>\n<p>\u201cV\u00e1rios atletas de ponta sa\u00edram desse campeonato, \u00e9 a chance de haver v\u00e1rias revela\u00e7\u00f5es de bons jogadores para o mercado brasileiro no futuro. \u00c9 uma das competi\u00e7\u00f5es mais importantes para nosso basquete e Goi\u00e1s se sente orgulhoso de novamente trazer essa competi\u00e7\u00e3o para nosso estado\u201d, completou o presidente da FGB.<\/p>\n<p><strong>Veja os jogos da primeira fase do torneio em An\u00e1polis:\u00a0<\/strong><\/p>\n<p>Feminino<\/p>\n<p>\u2013 21 de novembro (ter\u00e7a-feira): Distrito Federal x Esp\u00edrito Santo (08h), Paran\u00e1 x Pernambuco (12h), Goi\u00e1s x Santa Catarina (16h) e Alagoas x S\u00e3o Paulo (18h)<br \/>\n\u2013 22 de novembro (quarta-feira): Pernambuco x Esp\u00edrito Santo (08h), Distrito Federal x Paran\u00e1 (12h), Santa Catarina x Alagoas (16h) e S\u00e3o Paulo x Goi\u00e1s (20h)<br \/>\n\u2013 23 de novembro (quinta-feira): Distrito Federal x Pernambuco (08h), Esp\u00edrito Santo x Paran\u00e1 (12h), Santa Catarina x S\u00e3o Paulo (16h) e Goi\u00e1s x Alagoas (18h)<\/p>\n<p>Masculino<\/p>\n<p>\u2013 21 de novembro (ter\u00e7a-feira): Santa Catarina x Distrito Federal (10h), Pernambuco e Minas Gerais (14h) e Bahia x Goi\u00e1s (20h30)<br \/>\n\u2013 22 de novembro (quarta-feira): Distrito Federal x Minas Gerais (10h), Pernambuco x Santa Catarina (14h) e S\u00e3o Paulo x Bahia (18h)<br \/>\n\u2013 23 de novembro (quinta-feira): Distrito Federal x Pernambuco (10h), Santa Catarina x Minas Gerais (14h) e Goi\u00e1s x S\u00e3o Paulo (20h)<\/p>\n","protected":false},"excerpt":{"rendered":"<p>O Gin\u00e1sio Internacional Newton de Faria, em An\u00e1polis, vai sediar nesta semana o Campeonato Brasileiro de Sele\u00e7\u00f5es Estaduais sub-16. A competi\u00e7\u00e3o, promovida pela Confedera\u00e7\u00e3o Brasileira de Basketball (CBB), ocorre desta ter\u00e7a-feira (21) at\u00e9 a pr\u00f3xima segunda-feira (27), nos naipes masculino e feminino. Entre as mulheres, as sele\u00e7\u00f5es classificadas s\u00e3o Alagoas, Goi\u00e1s, Santa Catarina e S\u00e3o &hellip;<\/p>\n","protected":false},"author":3,"featured_media":72605,"comment_status":"closed","ping_status":"open","sticky":false,"template":"","format":"standard","meta":{"_exactmetrics_skip_tracking":false,"_exactmetrics_sitenote_active":false,"_exactmetrics_sitenote_note":"","_exactmetrics_sitenote_category":0,"footnotes":""},"categories":[18,9,19,3],"tags":[],"_links":{"self":[{"href":"https:\/\/goiasemtempo.com.br\/home\/wp-json\/wp\/v2\/posts\/72604"}],"collection":[{"href":"https:\/\/goiasemtempo.com.br\/home\/wp-json\/wp\/v2\/posts"}],"about":[{"href":"https:\/\/goiasemtempo.com.br\/home\/wp-json\/wp\/v2\/types\/post"}],"author":[{"embeddable":true,"href":"https:\/\/goiasemtempo.com.br\/home\/wp-json\/wp\/v2\/users\/3"}],"replies":[{"embeddable":true,"href":"https:\/\/goiasemtempo.com.br\/home\/wp-json\/wp\/v2\/comments?post=72604"}],"version-history":[{"count":1,"href":"https:\/\/goiasemtempo.com.br\/home\/wp-json\/wp\/v2\/posts\/72604\/revisions"}],"predecessor-version":[{"id":72606,"href":"https:\/\/goiasemtempo.com.br\/home\/wp-json\/wp\/v2\/posts\/72604\/revisions\/72606"}],"wp:featuredmedia":[{"embeddable":true,"href":"https:\/\/goiasemtempo.com.br\/home\/wp-json\/wp\/v2\/media\/72605"}],"wp:attachment":[{"href":"https:\/\/goiasemtempo.com.br\/home\/wp-json\/wp\/v2\/media?parent=72604"}],"wp:term":[{"taxonomy":"category","embeddable":true,"href":"https:\/\/goiasemtempo.com.br\/home\/wp-json\/wp\/v2\/categories?post=72604"},{"taxonomy":"post_tag","embeddable":true,"href":"https:\/\/goiasemtempo.com.br\/home\/wp-json\/wp\/v2\/tags?post=72604"}],"curies":[{"name":"wp","href":"https:\/\/api.w.org\/{rel}","templated":true}]}}