{"id":72563,"date":"2023-11-16T12:59:18","date_gmt":"2023-11-16T12:59:18","guid":{"rendered":"https:\/\/goiasemtempo.com.br\/home\/?p=72563"},"modified":"2023-11-16T12:59:18","modified_gmt":"2023-11-16T12:59:18","slug":"mostra-sesc-de-cinema-chega-em-anapolis-com-centenas-de-producoes","status":"publish","type":"post","link":"https:\/\/goiasemtempo.com.br\/home\/mostra-sesc-de-cinema-chega-em-anapolis-com-centenas-de-producoes\/","title":{"rendered":"Mostra Sesc de Cinema chega em An\u00e1polis com centenas de produ\u00e7\u00f5es"},"content":{"rendered":"<p>Os amantes do cinema independente brasileiro poder\u00e3o assistir, em novembro, de forma gratuita, os filmes selecionados na VI Mostra Sesc de Cinema (MSDC).\u202fO evento estar\u00e1 em An\u00e1polis, com as produ\u00e7\u00f5es do Panorama Estadual, Infanto Juvenil e Jovens Cineastas.<\/p>\n<p>Em An\u00e1polis, a mostra ser\u00e1 na unidade do Sesc, de sexta-feira (17) a domingo (19).\u202fNa edi\u00e7\u00e3o deste ano, foram registradas 1.575 inscri\u00e7\u00f5es e\u202fselecionados\u202f343 filmes\u202fnas etapas\u202festaduais, regionais e nacional, sendo 206 de cineastas homens e 137 cineastas mulheres. Desses, 65 ser\u00e3o licenciados pelo per\u00edodo de um ano.<\/p>\n<p>O circuito intitulado Panorama Nacional traz a produ\u00e7\u00e3o de cada um dos 23 estados participantes e do Distrito Federal, al\u00e9m de dez filmes em uma mostra especial voltada \u00e0 inf\u00e2ncia e \u00e0 juventude. As obras foram avaliadas por comiss\u00f5es estaduais formadas por profissionais do Sesc e especialistas convidados.<\/p>\n<p><strong>Goianos\u00a0<\/strong><\/p>\n<p>A VI Mostra Sesc de Cinema recebeu cerca de 60 inscri\u00e7\u00f5es de filmes goianos, colocando o estado em evid\u00eancia. Entre os selecionados, Goi\u00e1s teve um filme no Panorama Brasil e um filme compondo o Panorama Infanto-Juvenil, al\u00e9m de seis filmes selecionados para o Panorama Estadual.<\/p>\n<p>Em Goi\u00e2nia e An\u00e1polis, dentro da MSDC haver\u00e1 a exibi\u00e7\u00e3o das obras produzidas na oficina \u201cMeu Primeiro Filme\u201d, promovida pelo Sesc Goi\u00e1s para alunos da rede p\u00fablica de educa\u00e7\u00e3o e alunos do curso de Teatro do N\u00facleo Livre das Artes do Sesc An\u00e1polis. A oficina foi ministrada por Larry Machado e Tothi\u202fdos Santos da produtora audiovisual\u202fDafuq Filmes.<\/p>\n","protected":false},"excerpt":{"rendered":"<p>Os amantes do cinema independente brasileiro poder\u00e3o assistir, em novembro, de forma gratuita, os filmes selecionados na VI Mostra Sesc de Cinema (MSDC).\u202fO evento estar\u00e1 em An\u00e1polis, com as produ\u00e7\u00f5es do Panorama Estadual, Infanto Juvenil e Jovens Cineastas. Em An\u00e1polis, a mostra ser\u00e1 na unidade do Sesc, de sexta-feira (17) a domingo (19).\u202fNa edi\u00e7\u00e3o deste &hellip;<\/p>\n","protected":false},"author":3,"featured_media":72564,"comment_status":"closed","ping_status":"open","sticky":false,"template":"","format":"standard","meta":{"_exactmetrics_skip_tracking":false,"_exactmetrics_sitenote_active":false,"_exactmetrics_sitenote_note":"","_exactmetrics_sitenote_category":0,"footnotes":""},"categories":[18,32,19],"tags":[],"_links":{"self":[{"href":"https:\/\/goiasemtempo.com.br\/home\/wp-json\/wp\/v2\/posts\/72563"}],"collection":[{"href":"https:\/\/goiasemtempo.com.br\/home\/wp-json\/wp\/v2\/posts"}],"about":[{"href":"https:\/\/goiasemtempo.com.br\/home\/wp-json\/wp\/v2\/types\/post"}],"author":[{"embeddable":true,"href":"https:\/\/goiasemtempo.com.br\/home\/wp-json\/wp\/v2\/users\/3"}],"replies":[{"embeddable":true,"href":"https:\/\/goiasemtempo.com.br\/home\/wp-json\/wp\/v2\/comments?post=72563"}],"version-history":[{"count":1,"href":"https:\/\/goiasemtempo.com.br\/home\/wp-json\/wp\/v2\/posts\/72563\/revisions"}],"predecessor-version":[{"id":72565,"href":"https:\/\/goiasemtempo.com.br\/home\/wp-json\/wp\/v2\/posts\/72563\/revisions\/72565"}],"wp:featuredmedia":[{"embeddable":true,"href":"https:\/\/goiasemtempo.com.br\/home\/wp-json\/wp\/v2\/media\/72564"}],"wp:attachment":[{"href":"https:\/\/goiasemtempo.com.br\/home\/wp-json\/wp\/v2\/media?parent=72563"}],"wp:term":[{"taxonomy":"category","embeddable":true,"href":"https:\/\/goiasemtempo.com.br\/home\/wp-json\/wp\/v2\/categories?post=72563"},{"taxonomy":"post_tag","embeddable":true,"href":"https:\/\/goiasemtempo.com.br\/home\/wp-json\/wp\/v2\/tags?post=72563"}],"curies":[{"name":"wp","href":"https:\/\/api.w.org\/{rel}","templated":true}]}}