{"id":72553,"date":"2023-11-15T15:09:41","date_gmt":"2023-11-15T15:09:41","guid":{"rendered":"https:\/\/goiasemtempo.com.br\/home\/?p=72553"},"modified":"2023-11-15T15:09:41","modified_gmt":"2023-11-15T15:09:41","slug":"apos-violencia-domestica-ana-hickmann-anuncia-divorcio-diz-jornal","status":"publish","type":"post","link":"https:\/\/goiasemtempo.com.br\/home\/apos-violencia-domestica-ana-hickmann-anuncia-divorcio-diz-jornal\/","title":{"rendered":"Ap\u00f3s viol\u00eancia dom\u00e9stica, Ana Hickmann anuncia div\u00f3rcio, diz jornal"},"content":{"rendered":"<p>A renomada apresentadora Ana Hickmann, de 42 anos, tomou uma decis\u00e3o dif\u00edcil ap\u00f3s ser v\u00edtima de viol\u00eancia dom\u00e9stica no final de semana em sua resid\u00eancia em Itu, interior de S\u00e3o Paulo. Segundo a Folha de S. Paulo, Ana compartilhou sua escolha com colegas da Record durante a apresenta\u00e7\u00e3o do programa \u201cHoje em Dia\u201d na segunda-feira (13), omitindo sua alian\u00e7a e indicando que solicitar\u00e1 o div\u00f3rcio nos pr\u00f3ximos dias.<\/p>\n<p>A decis\u00e3o, motivada pelo epis\u00f3dio de viol\u00eancia, busca preservar o bem-estar do filho do casal, Alezinho, de nove anos, que testemunhou parte do conflito entre seus pais. Abalado pela situa\u00e7\u00e3o, o menino foi oferecido para ficar com Ana afastada do trabalho, oferta recusada pela apresentadora, que optou por continuar trabalhando.<\/p>\n<p>Com 25 anos de casamento, Ana Hickmann e Alexandre Correa residem em Itu. No s\u00e1bado (11), Ana registrou um boletim de ocorr\u00eancia por les\u00e3o corporal e viol\u00eancia dom\u00e9stica, revelando uma discuss\u00e3o na cozinha que culminou em amea\u00e7as e agress\u00f5es por parte do marido, testemunhadas por Alezinho e funcion\u00e1rios do casal. Ana foi levada a um hospital da cidade, agradecendo o apoio dos f\u00e3s e informando, por meio da assessoria de imprensa, que estava em casa, bem e sem maiores consequ\u00eancias em sua integridade f\u00edsica.<\/p>\n","protected":false},"excerpt":{"rendered":"<p>A renomada apresentadora Ana Hickmann, de 42 anos, tomou uma decis\u00e3o dif\u00edcil ap\u00f3s ser v\u00edtima de viol\u00eancia dom\u00e9stica no final de semana em sua resid\u00eancia em Itu, interior de S\u00e3o Paulo. Segundo a Folha de S. Paulo, Ana compartilhou sua escolha com colegas da Record durante a apresenta\u00e7\u00e3o do programa \u201cHoje em Dia\u201d na segunda-feira &hellip;<\/p>\n","protected":false},"author":3,"featured_media":72554,"comment_status":"closed","ping_status":"open","sticky":false,"template":"","format":"standard","meta":{"_exactmetrics_skip_tracking":false,"_exactmetrics_sitenote_active":false,"_exactmetrics_sitenote_note":"","_exactmetrics_sitenote_category":0,"footnotes":""},"categories":[472,33,4],"tags":[],"_links":{"self":[{"href":"https:\/\/goiasemtempo.com.br\/home\/wp-json\/wp\/v2\/posts\/72553"}],"collection":[{"href":"https:\/\/goiasemtempo.com.br\/home\/wp-json\/wp\/v2\/posts"}],"about":[{"href":"https:\/\/goiasemtempo.com.br\/home\/wp-json\/wp\/v2\/types\/post"}],"author":[{"embeddable":true,"href":"https:\/\/goiasemtempo.com.br\/home\/wp-json\/wp\/v2\/users\/3"}],"replies":[{"embeddable":true,"href":"https:\/\/goiasemtempo.com.br\/home\/wp-json\/wp\/v2\/comments?post=72553"}],"version-history":[{"count":1,"href":"https:\/\/goiasemtempo.com.br\/home\/wp-json\/wp\/v2\/posts\/72553\/revisions"}],"predecessor-version":[{"id":72555,"href":"https:\/\/goiasemtempo.com.br\/home\/wp-json\/wp\/v2\/posts\/72553\/revisions\/72555"}],"wp:featuredmedia":[{"embeddable":true,"href":"https:\/\/goiasemtempo.com.br\/home\/wp-json\/wp\/v2\/media\/72554"}],"wp:attachment":[{"href":"https:\/\/goiasemtempo.com.br\/home\/wp-json\/wp\/v2\/media?parent=72553"}],"wp:term":[{"taxonomy":"category","embeddable":true,"href":"https:\/\/goiasemtempo.com.br\/home\/wp-json\/wp\/v2\/categories?post=72553"},{"taxonomy":"post_tag","embeddable":true,"href":"https:\/\/goiasemtempo.com.br\/home\/wp-json\/wp\/v2\/tags?post=72553"}],"curies":[{"name":"wp","href":"https:\/\/api.w.org\/{rel}","templated":true}]}}