{"id":72544,"date":"2023-11-15T14:50:59","date_gmt":"2023-11-15T14:50:59","guid":{"rendered":"https:\/\/goiasemtempo.com.br\/home\/?p=72544"},"modified":"2023-11-15T14:50:59","modified_gmt":"2023-11-15T14:50:59","slug":"onda-de-calor-permanece-ate-janeiro-de-2024-com-possibilidade-de-se-estender-ao-outono-brasileiro","status":"publish","type":"post","link":"https:\/\/goiasemtempo.com.br\/home\/onda-de-calor-permanece-ate-janeiro-de-2024-com-possibilidade-de-se-estender-ao-outono-brasileiro\/","title":{"rendered":"Onda de calor permanece at\u00e9 janeiro de 2024, com possibilidade de se estender ao outono brasileiro"},"content":{"rendered":"<p>O Brasil vive no momento a sua oitava onda de calor de 2023. Na \u00faltima semana, o Instituto Nacional de Meteorologia (<strong><a href=\"https:\/\/portal.inmet.gov.br\/\">Inmet<\/a><\/strong>) emitiu um aviso meteorol\u00f3gico especial de perigo potencial somente para algumas \u00e1reas. Mas na segunda-feira (13) o alerta j\u00e1 inclu\u00eda 15 estados e o Distrito Federal e est\u00e1 previsto at\u00e9 o dia 17 de novembro. A previs\u00e3o clim\u00e1tica brasileira indica que a onda de calor permanecer\u00e1 at\u00e9 janeiro de 2024, com possibilidade de se estender at\u00e9 o outono no pa\u00eds.<\/p>\n<div id=\"sagre-53297bf93ec235a5297efd7cfe41b7d9\" class=\"sagre-53297bf93ec235a5297efd7cfe41b7d9 sagre-materia-primeiro-paragrafo\"><\/div>\n<div class=\"wp-block-image\">\n<figure class=\"alignright size-full is-resized\"><img fetchpriority=\"high\" decoding=\"async\" class=\"wp-image-419529\" src=\"https:\/\/sagresonline.com.br\/wp-content\/uploads\/2023\/11\/Mapa-do-clima-no-Brasil.jpeg\" sizes=\"(max-width: 613px) 100vw, 613px\" srcset=\"https:\/\/sagresonline.com.br\/wp-content\/uploads\/2023\/11\/Mapa-do-clima-no-Brasil.jpeg 613w, https:\/\/sagresonline.com.br\/wp-content\/uploads\/2023\/11\/Mapa-do-clima-no-Brasil-300x293.jpeg 300w\" alt=\"\" width=\"613\" height=\"599\" \/><figcaption class=\"wp-element-caption\">Mapa de alerta do Inmet (Fonte: Inmet)<\/figcaption><\/figure>\n<\/div>\n<p>A previs\u00e3o clim\u00e1tica \u00e9 um consenso entre v\u00e1rios \u00f3rg\u00e3os da meteorologia como o Inmet e o Centro de Previs\u00e3o de Tempo e Estudos Clim\u00e1ticos. Al\u00e9m do Instituto Nacional de Pesquisas Espaciais (Inpe). Os \u00f3rg\u00e3os indicam que as temperaturas m\u00e1ximas e m\u00ednimas v\u00e3o permanecer acima da m\u00e9dia pelo menos at\u00e9 janeiro.<\/p>\n<p>Na \u00faltima semana do inverno teve uma forte onda de calor no Brasil. O calor extremo permanece por causa das altas temperaturas na primavera e deve continuar visto que aproxima-se um per\u00edodo quente no pa\u00eds, o ver\u00e3o. O Inmet apontou que a onda de calor em curso \u00e9 a oitava do ano, sendo que as primeiras entre janeiro e mar\u00e7o registraram temperaturas em torno de 40,7 \u00b0C.<\/p>\n<p>As outras, conforme o Inmet, ocorreram em agosto, setembro e duas em outubro. No m\u00eas passado, Cuiab\u00e1 (MT) teve temperatura m\u00e1xima de 44,3 \u00b0C e neste m\u00eas o Rio de Janeiro j\u00e1 viveu sensa\u00e7\u00e3o t\u00e9rmica de mais de 50\u00b0C.<\/p>\n<h2 class=\"wp-block-heading\">El Ni\u00f1o<\/h2>\n<div class=\"wp-block-image\">\n<figure class=\"alignleft size-full is-resized\"><img decoding=\"async\" class=\"wp-image-419537\" src=\"https:\/\/sagresonline.com.br\/wp-content\/uploads\/2023\/11\/Previsao-para-o-El-Nino.webp\" sizes=\"(max-width: 1000px) 100vw, 1000px\" srcset=\"https:\/\/sagresonline.com.br\/wp-content\/uploads\/2023\/11\/Previsao-para-o-El-Nino.webp 1000w, https:\/\/sagresonline.com.br\/wp-content\/uploads\/2023\/11\/Previsao-para-o-El-Nino-300x293.webp 300w, https:\/\/sagresonline.com.br\/wp-content\/uploads\/2023\/11\/Previsao-para-o-El-Nino-768x749.webp 768w, https:\/\/sagresonline.com.br\/wp-content\/uploads\/2023\/11\/Previsao-para-o-El-Nino-696x679.webp 696w\" alt=\"\" width=\"1000\" height=\"975\" \/><\/figure>\n<\/div>\n<p>O El Ni\u00f1o \u00e9 o aquecimento acima da m\u00e9dia das \u00e1guas do Oceano Pac\u00edfico Equatorial e desde que ele chegou em julho j\u00e1 era esperado que o fen\u00f4meno alterasse o clima global. Segundo a previs\u00e3o clim\u00e1tica brasileira, o fen\u00f4meno s\u00f3 perder\u00e1 for\u00e7a em junho de 2024. A Administra\u00e7\u00e3o Nacional Oce\u00e2nica e Atmosf\u00e9rica dos EUA (NOAA) aponta 62% de chances de a previs\u00e3o se concretizar.<\/p>\n<div id=\"sagre-31c3c92b8b969359d4226ffc0707c570\" class=\"sagre-31c3c92b8b969359d4226ffc0707c570 sagre-materia-4-paragrafos\"><\/div>\n<p>O Inmet informou que o pico do El Ni\u00f1o come\u00e7ou em outubro e que, portanto, ele j\u00e1 perder\u00e1 for\u00e7a gradual entre fevereiro e abril com queda mais acentuada em junho. A previs\u00e3o indica a chegada da La Ni\u00f1a, fen\u00f4meno oposto do El Ni\u00f1o, entre abril, maio e junho.<\/p>\n<p>Ent\u00e3o, a previs\u00e3o \u00e9 que as ondas de calor continuem frequentes at\u00e9 o outono brasileiro de 2024 e que a sensa\u00e7\u00e3o t\u00e9rmica por causa das altas temperaturas seja amenizada com algumas incurs\u00f5es dos sistemas frontais, que incluem as frentes quentes e as frentes frias, que protegem a chuva.<\/p>\n<h2 class=\"wp-block-heading\">Alerta do Inmet<\/h2>\n<p>O alerta vigente do Inmet \u00e9 v\u00e1lido at\u00e9 as 23h59 da sexta-feira (17) para o Amazonas, Rond\u00f4nia, Par\u00e1, Mato Grosso, Mato Grosso do Sul, Tocantins e Goi\u00e1s. Al\u00e9m de Piau\u00ed, Bahia, Maranh\u00e3o e Distrito Federal. Mas inclui ainda estados mais ao Sul: Minas Gerais, S\u00e3o Paulo, Rio de Janeiro, Esp\u00edrito Santo e Paran\u00e1.<\/p>\n","protected":false},"excerpt":{"rendered":"<p>O Brasil vive no momento a sua oitava onda de calor de 2023. Na \u00faltima semana, o Instituto Nacional de Meteorologia (Inmet) emitiu um aviso meteorol\u00f3gico especial de perigo potencial somente para algumas \u00e1reas. Mas na segunda-feira (13) o alerta j\u00e1 inclu\u00eda 15 estados e o Distrito Federal e est\u00e1 previsto at\u00e9 o dia 17 &hellip;<\/p>\n","protected":false},"author":3,"featured_media":72545,"comment_status":"closed","ping_status":"open","sticky":false,"template":"","format":"standard","meta":{"_exactmetrics_skip_tracking":false,"_exactmetrics_sitenote_active":false,"_exactmetrics_sitenote_note":"","_exactmetrics_sitenote_category":0,"footnotes":""},"categories":[6,470,19],"tags":[],"_links":{"self":[{"href":"https:\/\/goiasemtempo.com.br\/home\/wp-json\/wp\/v2\/posts\/72544"}],"collection":[{"href":"https:\/\/goiasemtempo.com.br\/home\/wp-json\/wp\/v2\/posts"}],"about":[{"href":"https:\/\/goiasemtempo.com.br\/home\/wp-json\/wp\/v2\/types\/post"}],"author":[{"embeddable":true,"href":"https:\/\/goiasemtempo.com.br\/home\/wp-json\/wp\/v2\/users\/3"}],"replies":[{"embeddable":true,"href":"https:\/\/goiasemtempo.com.br\/home\/wp-json\/wp\/v2\/comments?post=72544"}],"version-history":[{"count":1,"href":"https:\/\/goiasemtempo.com.br\/home\/wp-json\/wp\/v2\/posts\/72544\/revisions"}],"predecessor-version":[{"id":72546,"href":"https:\/\/goiasemtempo.com.br\/home\/wp-json\/wp\/v2\/posts\/72544\/revisions\/72546"}],"wp:featuredmedia":[{"embeddable":true,"href":"https:\/\/goiasemtempo.com.br\/home\/wp-json\/wp\/v2\/media\/72545"}],"wp:attachment":[{"href":"https:\/\/goiasemtempo.com.br\/home\/wp-json\/wp\/v2\/media?parent=72544"}],"wp:term":[{"taxonomy":"category","embeddable":true,"href":"https:\/\/goiasemtempo.com.br\/home\/wp-json\/wp\/v2\/categories?post=72544"},{"taxonomy":"post_tag","embeddable":true,"href":"https:\/\/goiasemtempo.com.br\/home\/wp-json\/wp\/v2\/tags?post=72544"}],"curies":[{"name":"wp","href":"https:\/\/api.w.org\/{rel}","templated":true}]}}