{"id":7254,"date":"2017-12-28T13:05:58","date_gmt":"2017-12-28T13:05:58","guid":{"rendered":"http:\/\/goiasemtempo.com.br\/home\/?p=7254"},"modified":"2017-12-28T13:05:58","modified_gmt":"2017-12-28T13:05:58","slug":"franca-abre-investigacao-por-leite-infantil-contaminado-com-salmonela-2","status":"publish","type":"post","link":"https:\/\/goiasemtempo.com.br\/home\/franca-abre-investigacao-por-leite-infantil-contaminado-com-salmonela-2\/","title":{"rendered":"Fran\u00e7a abre investiga\u00e7\u00e3o por leite infantil contaminado com salmonela"},"content":{"rendered":"<p>A procuradoria de Paris abriu uma investiga\u00e7\u00e3o preliminar pelo caso do leite infantil contaminado com salmonela do grupo franc\u00eas Lactalis, informou nesta ter\u00e7a-feira uma fonte judicial.<\/p>\n<p>A investiga\u00e7\u00e3o foi aberta nesta sexta-feira por danos involunt\u00e1rios, posta em risco da vida alheia, engano agravado pelo perigo para a sa\u00fade humana e n\u00e3o execu\u00e7\u00e3o de um procedimento de retirada de um produto prejudicial \u00e0 sa\u00fade.<\/p>\n<p>O grupo Lactalis anunciou na quinta-feira a retirada de 720 lotes de leite infantil e outros produtos procedentes da f\u00e1brica de Craon (no oeste da Fran\u00e7a) do mercado franc\u00eas e internacional, por risco de contamina\u00e7\u00e3o com salmonela.<\/p>\n","protected":false},"excerpt":{"rendered":"<p>A procuradoria de Paris abriu uma investiga\u00e7\u00e3o preliminar pelo caso do leite infantil contaminado com salmonela do grupo franc\u00eas Lactalis, informou nesta ter\u00e7a-feira uma fonte judicial. A investiga\u00e7\u00e3o foi aberta nesta sexta-feira por danos involunt\u00e1rios, posta em risco da vida alheia, engano agravado pelo perigo para a sa\u00fade humana e n\u00e3o execu\u00e7\u00e3o de um procedimento &hellip;<\/p>\n","protected":false},"author":2,"featured_media":7195,"comment_status":"open","ping_status":"open","sticky":false,"template":"","format":"standard","meta":{"footnotes":""},"categories":[4],"tags":[],"class_list":["post-7254","post","type-post","status-publish","format-standard","has-post-thumbnail","hentry","category-ultimas-noticias"],"_links":{"self":[{"href":"https:\/\/goiasemtempo.com.br\/home\/wp-json\/wp\/v2\/posts\/7254","targetHints":{"allow":["GET"]}}],"collection":[{"href":"https:\/\/goiasemtempo.com.br\/home\/wp-json\/wp\/v2\/posts"}],"about":[{"href":"https:\/\/goiasemtempo.com.br\/home\/wp-json\/wp\/v2\/types\/post"}],"author":[{"embeddable":true,"href":"https:\/\/goiasemtempo.com.br\/home\/wp-json\/wp\/v2\/users\/2"}],"replies":[{"embeddable":true,"href":"https:\/\/goiasemtempo.com.br\/home\/wp-json\/wp\/v2\/comments?post=7254"}],"version-history":[{"count":1,"href":"https:\/\/goiasemtempo.com.br\/home\/wp-json\/wp\/v2\/posts\/7254\/revisions"}],"predecessor-version":[{"id":7255,"href":"https:\/\/goiasemtempo.com.br\/home\/wp-json\/wp\/v2\/posts\/7254\/revisions\/7255"}],"wp:featuredmedia":[{"embeddable":true,"href":"https:\/\/goiasemtempo.com.br\/home\/wp-json\/wp\/v2\/media\/7195"}],"wp:attachment":[{"href":"https:\/\/goiasemtempo.com.br\/home\/wp-json\/wp\/v2\/media?parent=7254"}],"wp:term":[{"taxonomy":"category","embeddable":true,"href":"https:\/\/goiasemtempo.com.br\/home\/wp-json\/wp\/v2\/categories?post=7254"},{"taxonomy":"post_tag","embeddable":true,"href":"https:\/\/goiasemtempo.com.br\/home\/wp-json\/wp\/v2\/tags?post=7254"}],"curies":[{"name":"wp","href":"https:\/\/api.w.org\/{rel}","templated":true}]}}