{"id":72517,"date":"2023-11-12T18:07:30","date_gmt":"2023-11-12T18:07:30","guid":{"rendered":"https:\/\/goiasemtempo.com.br\/home\/?p=72517"},"modified":"2023-11-12T18:07:30","modified_gmt":"2023-11-12T18:07:30","slug":"defesa-civil-instala-dois-pluviometros-para-monitoramento","status":"publish","type":"post","link":"https:\/\/goiasemtempo.com.br\/home\/defesa-civil-instala-dois-pluviometros-para-monitoramento\/","title":{"rendered":"Defesa Civil instala dois pluviometr\u00f4s para monitoramento"},"content":{"rendered":"<p>A coordenadoria de Prote\u00e7\u00e3o e Defesa Civil de An\u00e1polis instalou na cidade mais dois pluvi\u00f4metros autom\u00e1ticos, equipamentos de monitoramento das chuvas, foram disponibilizados pelo Centro Nacional de Monitoramento e Alerta de Desastres Naturais (Cemanden). Os equipamentos, instalados em pontos estrat\u00e9gicos, auxiliam na ado\u00e7\u00e3o de medidas de preven\u00e7\u00e3o para o per\u00edodo chuvoso e auxiliam no acompanhamento do volume de \u00e1gua em regi\u00f5es espec\u00edficas da cidade.<\/p>\n<p>An\u00e1polis j\u00e1 contava com dois equipamentos e, com mais estes, a Defesa Civil poder\u00e1 monitorar a evolu\u00e7\u00e3o das chuvas em pontos cruciais para o trabalho de preven\u00e7\u00e3o. \u201cConsiderando a import\u00e2ncia das a\u00e7\u00f5es de preven\u00e7\u00e3o e resposta a desastres, a amplia\u00e7\u00e3o da rede de monitoramento municipal tem papel fundamental\u201d, afirma o coordenador da Defesa Civil de An\u00e1polis, Rafael Farinha.<\/p>\n<p>Al\u00e9m da instala\u00e7\u00e3o de novos equipamentos, foi feito o remanejamento do pluvi\u00f4metro que estava operando na regi\u00e3o do bairro Santa Maria de Nazareth para a Avenida Brasil Sul, mais precisamente na microbacia do Rio das Antas e seus afluentes que contribuem para os elevados volumes nos cursos d\u2019\u00e1gua da regi\u00e3o central.<\/p>\n<p>\u201cCom a instala\u00e7\u00e3o desses novos equipamentos e realoca\u00e7\u00e3o do pluvi\u00f4metro operante, teremos quatro modernos equipamentos de monitoramento de chuvas distribu\u00eddos nas principais regi\u00f5es de interesse. A finalidade \u00e9 nortear as a\u00e7\u00f5es de preven\u00e7\u00e3o e de resposta aos eventos de anormalidade decorrentes de chuvas intensas, como alagamentos e inunda\u00e7\u00f5es\u201d, ressalta o coordenador.<\/p>\n<p>Uma s\u00e9rie de medidas foi adotada pela administra\u00e7\u00e3o municipal, a curto, m\u00e9dio e longo prazos, na busca da solu\u00e7\u00e3o ou, pelo menos, minimizar problemas cr\u00f4nicos na cidade acarretados pelas chuvas. Al\u00e9m do trabalho de infraestrutura para recupera\u00e7\u00e3o de locais danificados, s\u00e3o executadas a\u00e7\u00f5es preventivas, como o aumento da vaz\u00e3o de pontes para evitar o ac\u00famulo de \u00e1gua.<\/p>\n<p>&nbsp;<\/p>\n<p><strong>MACRODRENAGEM<\/strong><\/p>\n<p>Tamb\u00e9m est\u00e1 em execu\u00e7\u00e3o o projeto de macrodrenagem urbana, com medidas emergenciais e a longo prazo, onde est\u00e3o inclusos servi\u00e7os como jardins de chuva, trincheira de infiltra\u00e7\u00e3o, reservat\u00f3rios e parque inund\u00e1vel. Com isso, localidades que s\u00e3o consideradas de risco, v\u00e3o passar por implanta\u00e7\u00e3o de m\u00e9todos que visam acabar com as inunda\u00e7\u00f5es recorrentes no per\u00edodo chuvoso.<\/p>\n<p>O consultor ambiental, Ant\u00f4nio El Zayek, diretor da empresa especializada respons\u00e1vel pelo plano, informa que foi realizado todo um diagn\u00f3stico pr\u00e9vio e elaboradas propostas de Solu\u00e7\u00f5es Baseadas na Natureza (SBN&#8217;s) para melhorar a drenagem da \u00e1gua pluvial e conter os alagamentos.<\/p>\n<p>O ambientalista destaca que \u201cprecisamos mudar a vis\u00e3o que n\u00f3s temos sobre drenagem. Estamos trabalhando com propostas para mitigar as enchentes de An\u00e1polis. Ao resolver as enchentes, teremos seguran\u00e7a h\u00eddrica, \u00e1gua para o futuro, uma cidade melhor, mais arborizada, mais verde. Com estrutura verde casada \u00e0 estrutura cinza, para trazer mais qualidade de vida para as pessoas. Ent\u00e3o n\u00e3o \u00e9 s\u00f3 resolver as enchentes, mas transformar a cidade e ser e refer\u00eancia para o Brasil inteiro\u201d.<\/p>\n","protected":false},"excerpt":{"rendered":"<p>A coordenadoria de Prote\u00e7\u00e3o e Defesa Civil de An\u00e1polis instalou na cidade mais dois pluvi\u00f4metros autom\u00e1ticos, equipamentos de monitoramento das chuvas, foram disponibilizados pelo Centro Nacional de Monitoramento e Alerta de Desastres Naturais (Cemanden). Os equipamentos, instalados em pontos estrat\u00e9gicos, auxiliam na ado\u00e7\u00e3o de medidas de preven\u00e7\u00e3o para o per\u00edodo chuvoso e auxiliam no acompanhamento &hellip;<\/p>\n","protected":false},"author":3,"featured_media":72518,"comment_status":"closed","ping_status":"open","sticky":false,"template":"","format":"standard","meta":{"_exactmetrics_skip_tracking":false,"_exactmetrics_sitenote_active":false,"_exactmetrics_sitenote_note":"","_exactmetrics_sitenote_category":0,"footnotes":""},"categories":[18,19,4],"tags":[],"_links":{"self":[{"href":"https:\/\/goiasemtempo.com.br\/home\/wp-json\/wp\/v2\/posts\/72517"}],"collection":[{"href":"https:\/\/goiasemtempo.com.br\/home\/wp-json\/wp\/v2\/posts"}],"about":[{"href":"https:\/\/goiasemtempo.com.br\/home\/wp-json\/wp\/v2\/types\/post"}],"author":[{"embeddable":true,"href":"https:\/\/goiasemtempo.com.br\/home\/wp-json\/wp\/v2\/users\/3"}],"replies":[{"embeddable":true,"href":"https:\/\/goiasemtempo.com.br\/home\/wp-json\/wp\/v2\/comments?post=72517"}],"version-history":[{"count":1,"href":"https:\/\/goiasemtempo.com.br\/home\/wp-json\/wp\/v2\/posts\/72517\/revisions"}],"predecessor-version":[{"id":72519,"href":"https:\/\/goiasemtempo.com.br\/home\/wp-json\/wp\/v2\/posts\/72517\/revisions\/72519"}],"wp:featuredmedia":[{"embeddable":true,"href":"https:\/\/goiasemtempo.com.br\/home\/wp-json\/wp\/v2\/media\/72518"}],"wp:attachment":[{"href":"https:\/\/goiasemtempo.com.br\/home\/wp-json\/wp\/v2\/media?parent=72517"}],"wp:term":[{"taxonomy":"category","embeddable":true,"href":"https:\/\/goiasemtempo.com.br\/home\/wp-json\/wp\/v2\/categories?post=72517"},{"taxonomy":"post_tag","embeddable":true,"href":"https:\/\/goiasemtempo.com.br\/home\/wp-json\/wp\/v2\/tags?post=72517"}],"curies":[{"name":"wp","href":"https:\/\/api.w.org\/{rel}","templated":true}]}}