{"id":72441,"date":"2023-10-30T15:30:15","date_gmt":"2023-10-30T15:30:15","guid":{"rendered":"https:\/\/goiasemtempo.com.br\/home\/?p=72441"},"modified":"2023-10-30T15:30:15","modified_gmt":"2023-10-30T15:30:15","slug":"com-agenda-movimentada-bolsonaro-esteve-em-goiania-e-aparecida-de-goiania-neste-final-de-semana","status":"publish","type":"post","link":"https:\/\/goiasemtempo.com.br\/home\/com-agenda-movimentada-bolsonaro-esteve-em-goiania-e-aparecida-de-goiania-neste-final-de-semana\/","title":{"rendered":"Com agenda movimentada, Bolsonaro esteve em Goi\u00e2nia e Aparecida de Goi\u00e2nia neste final de semana"},"content":{"rendered":"<p>O Ex-presidente do Brasil, Jair Bolsonaro (PL), esteve em Goi\u00e1s neste final de semana para participar de eventos em Goi\u00e2nia e Aparecida de Goi\u00e2nia, ao lado de apoiadores. O primeiro compromisso p\u00fablico foi o encontro do PL Mulher, com a participa\u00e7\u00e3o da ex-primeira dama Michelle Bolsonaro o evento foi realizado no Centro de Conven\u00e7\u00f5es e contou com apoiadores.<\/p>\n<p>Em seguida tamb\u00e9m em Aparecida de Goi\u00e2nia, o ex-presidente participou das comemora\u00e7\u00f5es do anivers\u00e1rio de seu colega de partido o deputado federal Professor Alcides (PL) no Cel da OAB-GO. Durante sua fala Bolsonaro disse que durante seu governo, entre 2019 e 2022, o pa\u00eds despertou \u201co sentimento de patriotismo e amor \u00e0 p\u00e1tria\u201d. Em discurso, o pol\u00edtico afirmou ainda que na \u00e9poca \u201cos valores familiares foram aflorados\u201d. A fala ocorreu no, onde \u00e9 celebrado o anivers\u00e1rio do deputado federal Professor Alcides (PL).<\/p>\n<p>J\u00e1 em Goi\u00e2nia, Jair Bolsonaro (PL) tomou caf\u00e9 em uma padaria no Jardim Am\u00e9rica, em Goi\u00e2nia, que contou com a presen\u00e7a do governador Ronaldo Caiado (UB), o encontro refor\u00e7a uma aproxima\u00e7\u00e3o entre o chefe do Executivo goiano e o ex-presidente para uma poss\u00edvel alian\u00e7a na elei\u00e7\u00e3o presidencial em 2026. Em tom descontra\u00eddo, os dois se apresentaram bem pr\u00f3ximos.<\/p>\n<p>Durante o encontro, Caiado afirmou que, se for escolhido como candidato \u00e0 Presid\u00eancia da Rep\u00fablica em 2026 pelo pelo seu partido (Uni\u00e3o Brasil), atuar\u00e1 para formar uma grande alian\u00e7a de centro-direita.<\/p>\n","protected":false},"excerpt":{"rendered":"<p>O Ex-presidente do Brasil, Jair Bolsonaro (PL), esteve em Goi\u00e1s neste final de semana para participar de eventos em Goi\u00e2nia e Aparecida de Goi\u00e2nia, ao lado de apoiadores. O primeiro compromisso p\u00fablico foi o encontro do PL Mulher, com a participa\u00e7\u00e3o da ex-primeira dama Michelle Bolsonaro o evento foi realizado no Centro de Conven\u00e7\u00f5es e &hellip;<\/p>\n","protected":false},"author":3,"featured_media":72442,"comment_status":"closed","ping_status":"open","sticky":false,"template":"","format":"standard","meta":{"footnotes":""},"categories":[500,19,2,4],"tags":[],"class_list":["post-72441","post","type-post","status-publish","format-standard","has-post-thumbnail","hentry","category-goiania","category-manchete","category-politica","category-ultimas-noticias"],"_links":{"self":[{"href":"https:\/\/goiasemtempo.com.br\/home\/wp-json\/wp\/v2\/posts\/72441","targetHints":{"allow":["GET"]}}],"collection":[{"href":"https:\/\/goiasemtempo.com.br\/home\/wp-json\/wp\/v2\/posts"}],"about":[{"href":"https:\/\/goiasemtempo.com.br\/home\/wp-json\/wp\/v2\/types\/post"}],"author":[{"embeddable":true,"href":"https:\/\/goiasemtempo.com.br\/home\/wp-json\/wp\/v2\/users\/3"}],"replies":[{"embeddable":true,"href":"https:\/\/goiasemtempo.com.br\/home\/wp-json\/wp\/v2\/comments?post=72441"}],"version-history":[{"count":1,"href":"https:\/\/goiasemtempo.com.br\/home\/wp-json\/wp\/v2\/posts\/72441\/revisions"}],"predecessor-version":[{"id":72443,"href":"https:\/\/goiasemtempo.com.br\/home\/wp-json\/wp\/v2\/posts\/72441\/revisions\/72443"}],"wp:featuredmedia":[{"embeddable":true,"href":"https:\/\/goiasemtempo.com.br\/home\/wp-json\/wp\/v2\/media\/72442"}],"wp:attachment":[{"href":"https:\/\/goiasemtempo.com.br\/home\/wp-json\/wp\/v2\/media?parent=72441"}],"wp:term":[{"taxonomy":"category","embeddable":true,"href":"https:\/\/goiasemtempo.com.br\/home\/wp-json\/wp\/v2\/categories?post=72441"},{"taxonomy":"post_tag","embeddable":true,"href":"https:\/\/goiasemtempo.com.br\/home\/wp-json\/wp\/v2\/tags?post=72441"}],"curies":[{"name":"wp","href":"https:\/\/api.w.org\/{rel}","templated":true}]}}