{"id":72399,"date":"2023-10-24T11:48:31","date_gmt":"2023-10-24T11:48:31","guid":{"rendered":"https:\/\/goiasemtempo.com.br\/home\/?p=72399"},"modified":"2023-10-24T11:48:31","modified_gmt":"2023-10-24T11:48:31","slug":"aniversario-de-goiania-a-capital-do-cerrado-comemora-seus-90-anos","status":"publish","type":"post","link":"https:\/\/goiasemtempo.com.br\/home\/aniversario-de-goiania-a-capital-do-cerrado-comemora-seus-90-anos\/","title":{"rendered":"Anivers\u00e1rio de Goi\u00e2nia: a capital do cerrado comemora seus 90 anos"},"content":{"rendered":"<p>O nome Goi\u00e2nia se origina do termo tupi-guarani Goyanna, que significa &#8220;terra de muitas \u00e1guas&#8221;. O nome caiu bem com a cidade, pois, em Goi\u00e2nia, h\u00e1 85 mananciais e 80 c\u00f3rregos catalogados.<\/p>\n<p>Para comemorar esta data, entrevistamos Hamilton Carneiro, escritor, membro do IHGG (Instituto Hist\u00f3rico e Geogr\u00e1fico de Goi\u00e1s) e residente de Goi\u00e2nia desde 1964. Veja o que descobrimos.<\/p>\n<p><strong>Nascimento de Goi\u00e2nia<\/strong><\/p>\n<p>A data de funda\u00e7\u00e3o de Goi\u00e2nia \u00e9 24 de outubro de 1933, mas o nome &#8220;Goi\u00e2nia&#8221; s\u00f3 apareceu em 1935. Antes da Capital do Cerrado possuir nome, foi realizado um concurso para decidir como ela seria chamada.<\/p>\n<p>A princ\u00edpio, o nome Petr\u00f4nia obteve muito mais votos que Goi\u00e2nia, entretanto, na hora da decis\u00e3o, Pedro Ludovico, um dos fundadores da cidade, decidiu pelo nome que conhecemos hoje. Relatos hist\u00f3ricos afirmam que a escolha de Pedro foi para evitar a personaliza\u00e7\u00e3o da constru\u00e7\u00e3o da cidade.<\/p>\n<p>Hamilton nos conta que logo depois da Revolu\u00e7\u00e3o de 30, Pedro Ludovico foi nomeado interventor de Goi\u00e1s pelo ent\u00e3o presidente, Get\u00falio Vargas. O novo governante percebeu alguns desafios que complicavam a vida de quem morava na primeira capital do Estado, Vila Boa de Goi\u00e1s.<\/p>\n<p>O escritor destacou dois principais problemas da primeira capital:<\/p>\n<p>O terreno acidentado, que deixaria a cidade muito vulner\u00e1vel a ataques e invas\u00f5es<br \/>\nA quantidade de Iodo na \u00e1gua que estava causando B\u00f3cio nas pessoas.<br \/>\nOs problemas foram apresentados para Get\u00falio Vargas e a cria\u00e7\u00e3o da nova cidade foi aprovada. Inicialmente, Goi\u00e2nia foi planejada para 50 mil habitantes, atualmente a popula\u00e7\u00e3o da cidade \u00e9 de quase meio milh\u00e3o de pessoas.<\/p>\n<p><strong>Anivers\u00e1rio de Goi\u00e2nia\u00a0<\/strong><\/p>\n<p>Para celebrar o anivers\u00e1rio de 90 anos da capital foram realizados muitos eventos na cidade, al\u00e9m de ser feriado para a maioria dos moradores. Dentre as festividades realizadas est\u00e3o shows da banda Ira! e da dupla sertaneja Gian e Giovani.<\/p>\n<p>As apresenta\u00e7\u00f5es aconteceram em lugares diferentes da cidade e ocuparam toda a semana com programa\u00e7\u00f5es. Ainda est\u00e3o inclu\u00eddas\u00a0apresenta\u00e7\u00f5es do cantor Leonardo e das duplas Rio Negro &amp; Solim\u00f5es e Guilherme &amp; Santiago.<\/p>\n<p>&nbsp;<\/p>\n","protected":false},"excerpt":{"rendered":"<p>O nome Goi\u00e2nia se origina do termo tupi-guarani Goyanna, que significa &#8220;terra de muitas \u00e1guas&#8221;. O nome caiu bem com a cidade, pois, em Goi\u00e2nia, h\u00e1 85 mananciais e 80 c\u00f3rregos catalogados. Para comemorar esta data, entrevistamos Hamilton Carneiro, escritor, membro do IHGG (Instituto Hist\u00f3rico e Geogr\u00e1fico de Goi\u00e1s) e residente de Goi\u00e2nia desde 1964. &hellip;<\/p>\n","protected":false},"author":3,"featured_media":72400,"comment_status":"closed","ping_status":"open","sticky":false,"template":"","format":"standard","meta":{"_exactmetrics_skip_tracking":false,"_exactmetrics_sitenote_active":false,"_exactmetrics_sitenote_note":"","_exactmetrics_sitenote_category":0,"footnotes":""},"categories":[50,500,19],"tags":[],"_links":{"self":[{"href":"https:\/\/goiasemtempo.com.br\/home\/wp-json\/wp\/v2\/posts\/72399"}],"collection":[{"href":"https:\/\/goiasemtempo.com.br\/home\/wp-json\/wp\/v2\/posts"}],"about":[{"href":"https:\/\/goiasemtempo.com.br\/home\/wp-json\/wp\/v2\/types\/post"}],"author":[{"embeddable":true,"href":"https:\/\/goiasemtempo.com.br\/home\/wp-json\/wp\/v2\/users\/3"}],"replies":[{"embeddable":true,"href":"https:\/\/goiasemtempo.com.br\/home\/wp-json\/wp\/v2\/comments?post=72399"}],"version-history":[{"count":1,"href":"https:\/\/goiasemtempo.com.br\/home\/wp-json\/wp\/v2\/posts\/72399\/revisions"}],"predecessor-version":[{"id":72401,"href":"https:\/\/goiasemtempo.com.br\/home\/wp-json\/wp\/v2\/posts\/72399\/revisions\/72401"}],"wp:featuredmedia":[{"embeddable":true,"href":"https:\/\/goiasemtempo.com.br\/home\/wp-json\/wp\/v2\/media\/72400"}],"wp:attachment":[{"href":"https:\/\/goiasemtempo.com.br\/home\/wp-json\/wp\/v2\/media?parent=72399"}],"wp:term":[{"taxonomy":"category","embeddable":true,"href":"https:\/\/goiasemtempo.com.br\/home\/wp-json\/wp\/v2\/categories?post=72399"},{"taxonomy":"post_tag","embeddable":true,"href":"https:\/\/goiasemtempo.com.br\/home\/wp-json\/wp\/v2\/tags?post=72399"}],"curies":[{"name":"wp","href":"https:\/\/api.w.org\/{rel}","templated":true}]}}