{"id":72030,"date":"2023-08-30T19:17:51","date_gmt":"2023-08-30T19:17:51","guid":{"rendered":"https:\/\/goiasemtempo.com.br\/home\/?p=72030"},"modified":"2023-08-30T19:17:51","modified_gmt":"2023-08-30T19:17:51","slug":"deputada-propoe-comenda-iris-araujo-para-homenagear-voluntariado-em-goias","status":"publish","type":"post","link":"https:\/\/goiasemtempo.com.br\/home\/deputada-propoe-comenda-iris-araujo-para-homenagear-voluntariado-em-goias\/","title":{"rendered":"Deputada prop\u00f5e comenda \u2018\u00cdris Ara\u00fajo\u2019 para homenagear voluntariado em Goi\u00e1s"},"content":{"rendered":"<p>Aproveitando a pertin\u00eancia do momento, em virtude do Dia Nacional do Voluntariado, lembrado no \u00faltimo dia 28, a deputada estadual, Vivian Naves (PP), apresentou na Assembleia Legislativa de Goi\u00e1s \u2013 ALEGO, nesta semana, um projeto de resolu\u00e7\u00e3o que institui na Casa de Leis a \u201cComenda do Voluntariado \u00cdris de Ara\u00fajo\u201d.<\/p>\n<p>A ideia de Vivian \u00e9 que, em solenidades marcadas para todo 28 de agosto, cada deputado tenha condi\u00e7\u00e3o de indicar um volunt\u00e1rio que esteja entregando seus talentos e tempo em prol daqueles que mais precisam no estado. A escolha do nome de Iris, por todo seu hist\u00f3rico de servi\u00e7os prestados, n\u00e3o poderia ser mais adequada, segundo a deputada.<\/p>\n<p>\u201cO Poder P\u00fablico, por mais competente que for o gestor, n\u00e3o conseguiria sanar os in\u00fameros problemas sociais que temos se n\u00e3o pudesse contar com a dedica\u00e7\u00e3o destes volunt\u00e1rios que constru\u00edram e constroem a hist\u00f3ria de nosso estado. \u00cdris de Ara\u00fajo, seja como deputada, senadora ou primeira-dama de Goi\u00e1s e Goi\u00e2nia \u00e9, sem d\u00favida alguma, o maior exemplo de amor ao pr\u00f3ximo que temos\u201d, justificou Vivian.<\/p>\n<p>Entre os feitos de \u00cdris, Vivian citou no projeto sua a\u00e7\u00e3o em 1.983, quando ela foi pessoalmente cadastrar moradores de \u00e1rea de risco para lhes abrigar em casa pr\u00f3pria, constru\u00eddas em tempo recorde, por meio de um mutir\u00e3o que virou recorde mundial. A deputada ainda lembrou distribui\u00e7\u00f5es de cobertores e alimentos, por parte de \u00cdris, que eram a\u00e7\u00f5es rotineiras da ex-primeira dama.<\/p>\n<p>Em discurso feito no plen\u00e1rio Alego, sobre a import\u00e2ncia do voluntariado, a deputada chamou aten\u00e7\u00e3o dos colegas de parlamento sobre a import\u00e2ncia da comenda por representar um incentivo e valoriza\u00e7\u00e3o da classe pol\u00edtica estadual sobre estas a\u00e7\u00f5es que recuperam, transformam e encaminham cidad\u00e3os em vulnerabilidade. Ela citou como exemplo o \u201cVolunt\u00e1rios de Cora\u00e7\u00e3o\u201d, o &#8220;Natal de Cora\u00e7\u00e3o&#8221;, e o pr\u00f3prio Arraiana &#8211; que vem batendo recordes na arrecada\u00e7\u00e3o de alimentos &#8211; a\u00e7\u00f5es que tem participado ativamente, em An\u00e1polis, desde 2018.<\/p>\n<p>\u201cComo primeira-dama, assumi esses trabalhos e confesso que as vidas que conseguimos transformar, por meio de uma enorme rede de volunt\u00e1rios,, me impulsionaram a me candidatar e vir ao parlamento, para buscar ampliar este prop\u00f3sito, sobretudo porque enxergo no atual Governo do Estado esta mesma pr\u00e9-disposi\u00e7\u00e3o, em especial por parte da minha amiga Gracinha Caiado. Temos a solidariedade como marca do nosso povo e essa disposi\u00e7\u00e3o por trabalhar e cuidar das pessoas que goiano tem \u00e9 o mais importante combust\u00edvel para esta engrenagem funcionar\u201d, pontuou.<\/p>\n<p>Al\u00e9m da medalha e diploma, a deputada prop\u00f5e a cria\u00e7\u00e3o de um livro atualizado todo ano com o registro de todos homenageados.<\/p>\n","protected":false},"excerpt":{"rendered":"<p>Aproveitando a pertin\u00eancia do momento, em virtude do Dia Nacional do Voluntariado, lembrado no \u00faltimo dia 28, a deputada estadual, Vivian Naves (PP), apresentou na Assembleia Legislativa de Goi\u00e1s \u2013 ALEGO, nesta semana, um projeto de resolu\u00e7\u00e3o que institui na Casa de Leis a \u201cComenda do Voluntariado \u00cdris de Ara\u00fajo\u201d. A ideia de Vivian \u00e9 &hellip;<\/p>\n","protected":false},"author":3,"featured_media":72031,"comment_status":"closed","ping_status":"open","sticky":false,"template":"","format":"standard","meta":{"_exactmetrics_skip_tracking":false,"_exactmetrics_sitenote_active":false,"_exactmetrics_sitenote_note":"","_exactmetrics_sitenote_category":0,"footnotes":""},"categories":[15,481,2,4],"tags":[],"_links":{"self":[{"href":"https:\/\/goiasemtempo.com.br\/home\/wp-json\/wp\/v2\/posts\/72030"}],"collection":[{"href":"https:\/\/goiasemtempo.com.br\/home\/wp-json\/wp\/v2\/posts"}],"about":[{"href":"https:\/\/goiasemtempo.com.br\/home\/wp-json\/wp\/v2\/types\/post"}],"author":[{"embeddable":true,"href":"https:\/\/goiasemtempo.com.br\/home\/wp-json\/wp\/v2\/users\/3"}],"replies":[{"embeddable":true,"href":"https:\/\/goiasemtempo.com.br\/home\/wp-json\/wp\/v2\/comments?post=72030"}],"version-history":[{"count":1,"href":"https:\/\/goiasemtempo.com.br\/home\/wp-json\/wp\/v2\/posts\/72030\/revisions"}],"predecessor-version":[{"id":72032,"href":"https:\/\/goiasemtempo.com.br\/home\/wp-json\/wp\/v2\/posts\/72030\/revisions\/72032"}],"wp:featuredmedia":[{"embeddable":true,"href":"https:\/\/goiasemtempo.com.br\/home\/wp-json\/wp\/v2\/media\/72031"}],"wp:attachment":[{"href":"https:\/\/goiasemtempo.com.br\/home\/wp-json\/wp\/v2\/media?parent=72030"}],"wp:term":[{"taxonomy":"category","embeddable":true,"href":"https:\/\/goiasemtempo.com.br\/home\/wp-json\/wp\/v2\/categories?post=72030"},{"taxonomy":"post_tag","embeddable":true,"href":"https:\/\/goiasemtempo.com.br\/home\/wp-json\/wp\/v2\/tags?post=72030"}],"curies":[{"name":"wp","href":"https:\/\/api.w.org\/{rel}","templated":true}]}}