{"id":72016,"date":"2023-08-28T20:54:41","date_gmt":"2023-08-28T20:54:41","guid":{"rendered":"https:\/\/goiasemtempo.com.br\/home\/?p=72016"},"modified":"2023-08-28T20:54:41","modified_gmt":"2023-08-28T20:54:41","slug":"bolsonaro-apresenta-queixa-crime-contra-delgatti-apos-falsas-alegacoes-de-grampo-ilegal","status":"publish","type":"post","link":"https:\/\/goiasemtempo.com.br\/home\/bolsonaro-apresenta-queixa-crime-contra-delgatti-apos-falsas-alegacoes-de-grampo-ilegal\/","title":{"rendered":"Bolsonaro apresenta queixa-crime contra Delgatti ap\u00f3s falsas alega\u00e7\u00f5es de grampo ilegal"},"content":{"rendered":"<p>O ex-presidente Jair Bolsonaro formalizou uma queixa-crime no 3\u00ba Juizado Especial Criminal de Bras\u00edlia contra o hacker Walter Delgatti, acusando-o de cal\u00fania. A a\u00e7\u00e3o foi uma resposta \u00e0s alega\u00e7\u00f5es de Delgatti, que, durante depoimento \u00e0 CPMI em 8 de janeiro, declarou: \u201cO presidente [Bolsonaro] entrou em contato comigo. Nesse contato, segundo ele, teria um grampo do ministro Moraes. Segundo ele [Bolsonaro], teria conversas comprometedoras do ministro e eles precisavam que eu assumisse a autoria desse grampo\u201d.<\/p>\n<div class=\"code-block code-block-4\"><\/div>\n<p>A defesa de Bolsonaro argumenta que Delgatti difundiu informa\u00e7\u00f5es \u201cmanifestamente falsas\u201d, prejudicando a reputa\u00e7\u00e3o do ex-presidente, especialmente considerando a ampla cobertura midi\u00e1tica do depoimento. Na CPMI, Delgatti n\u00e3o forneceu provas que sustentassem suas acusa\u00e7\u00f5es, mas expressou abertura para confronto direto de declara\u00e7\u00f5es com Bolsonaro.<\/p>\n<div class=\"code-block code-block-5\"><ins class=\"adsbygoogle\" data-ad-layout=\"in-article\" data-ad-format=\"fluid\" data-ad-client=\"ca-pub-2026331402287950\" data-ad-slot=\"8790786204\" data-adsbygoogle-status=\"done\" data-ad-status=\"filled\"><\/p>\n<div id=\"aswift_3_host\" tabindex=\"0\" title=\"Advertisement\" aria-label=\"Advertisement\"><span style=\"background-color: #ffffff;\">Vale destacar que Walter Delgatti Neto ficou conhecido ao divulgar conversas de figuras proeminentes da Opera\u00e7\u00e3o Lava Jato, como o senador Sergio Moro (Uni\u00e3o-PR). Atualmente, ele est\u00e1 detido desde 2 de agosto devido \u00e0 investiga\u00e7\u00e3o sobre a invas\u00e3o dos sistemas do Conselho Nacional de Justi\u00e7a (CNJ) e pela inclus\u00e3o de documentos falsos no Banco Nacional de Mandados de Pris\u00e3o (BNMP).<\/span><\/div>\n<p><\/ins><\/div>\n","protected":false},"excerpt":{"rendered":"<p>O ex-presidente Jair Bolsonaro formalizou uma queixa-crime no 3\u00ba Juizado Especial Criminal de Bras\u00edlia contra o hacker Walter Delgatti, acusando-o de cal\u00fania. A a\u00e7\u00e3o foi uma resposta \u00e0s alega\u00e7\u00f5es de Delgatti, que, durante depoimento \u00e0 CPMI em 8 de janeiro, declarou: \u201cO presidente [Bolsonaro] entrou em contato comigo. Nesse contato, segundo ele, teria um grampo &hellip;<\/p>\n","protected":false},"author":3,"featured_media":72017,"comment_status":"closed","ping_status":"open","sticky":false,"template":"","format":"standard","meta":{"_exactmetrics_skip_tracking":false,"_exactmetrics_sitenote_active":false,"_exactmetrics_sitenote_note":"","_exactmetrics_sitenote_category":0,"footnotes":""},"categories":[26,19],"tags":[],"_links":{"self":[{"href":"https:\/\/goiasemtempo.com.br\/home\/wp-json\/wp\/v2\/posts\/72016"}],"collection":[{"href":"https:\/\/goiasemtempo.com.br\/home\/wp-json\/wp\/v2\/posts"}],"about":[{"href":"https:\/\/goiasemtempo.com.br\/home\/wp-json\/wp\/v2\/types\/post"}],"author":[{"embeddable":true,"href":"https:\/\/goiasemtempo.com.br\/home\/wp-json\/wp\/v2\/users\/3"}],"replies":[{"embeddable":true,"href":"https:\/\/goiasemtempo.com.br\/home\/wp-json\/wp\/v2\/comments?post=72016"}],"version-history":[{"count":1,"href":"https:\/\/goiasemtempo.com.br\/home\/wp-json\/wp\/v2\/posts\/72016\/revisions"}],"predecessor-version":[{"id":72018,"href":"https:\/\/goiasemtempo.com.br\/home\/wp-json\/wp\/v2\/posts\/72016\/revisions\/72018"}],"wp:featuredmedia":[{"embeddable":true,"href":"https:\/\/goiasemtempo.com.br\/home\/wp-json\/wp\/v2\/media\/72017"}],"wp:attachment":[{"href":"https:\/\/goiasemtempo.com.br\/home\/wp-json\/wp\/v2\/media?parent=72016"}],"wp:term":[{"taxonomy":"category","embeddable":true,"href":"https:\/\/goiasemtempo.com.br\/home\/wp-json\/wp\/v2\/categories?post=72016"},{"taxonomy":"post_tag","embeddable":true,"href":"https:\/\/goiasemtempo.com.br\/home\/wp-json\/wp\/v2\/tags?post=72016"}],"curies":[{"name":"wp","href":"https:\/\/api.w.org\/{rel}","templated":true}]}}