{"id":72005,"date":"2023-08-27T17:10:04","date_gmt":"2023-08-27T17:10:04","guid":{"rendered":"https:\/\/goiasemtempo.com.br\/home\/?p=72005"},"modified":"2023-08-27T17:10:04","modified_gmt":"2023-08-27T17:10:04","slug":"governo-entrega-primeira-etapa-das-obras-de-recuperacao-da-go-471-entre-palestina-e-arenopolis","status":"publish","type":"post","link":"https:\/\/goiasemtempo.com.br\/home\/governo-entrega-primeira-etapa-das-obras-de-recuperacao-da-go-471-entre-palestina-e-arenopolis\/","title":{"rendered":"Governo entrega primeira etapa das obras de recupera\u00e7\u00e3o da GO-471, entre Palestina e Aren\u00f3polis"},"content":{"rendered":"<p>O vice-governador Daniel Vilela entregou \u00e0 popula\u00e7\u00e3o de Palestina de Goi\u00e1s,\u00a0neste s\u00e1bado (26), a primeira etapa das obras de recupera\u00e7\u00e3o da GO-471, que liga a cidade a Aren\u00f3polis, ambas localizadas na regi\u00e3o oeste do estado.<\/p>\n<p>A inaugura\u00e7\u00e3o simb\u00f3lica do trecho de 55 quil\u00f4metros ocorreu no Clube Jo\u00e3o Carlos de Barros, em um evento promovido pelo prefeito Altenias Gon\u00e7alves e que contou tamb\u00e9m com a presen\u00e7a de moradores, produtores rurais e at\u00e9 de gestores e vereadores de munic\u00edpios vizinhos, como Ipor\u00e1, Diorama, Amorin\u00f3polis e Caiap\u00f4nia.<\/p>\n<p>Os investimentos feitos pelo Governo do Estado na nova rodovia foram da ordem de R$ 4 milh\u00f5es, e abarcaram alargamento da pista, servi\u00e7o de drenagem, aplica\u00e7\u00e3o de revestimento prim\u00e1rio e o chamado levantamento de greide \u2013 ou \u201celeva\u00e7\u00e3o do solo\u201d. Estas interven\u00e7\u00f5es impactam positivamente o escoamento da produ\u00e7\u00e3o agr\u00edcola e diminui em pelo menos 50% o tempo de percurso entre Palestina de Goi\u00e1s e Aren\u00f3polis.<\/p>\n<p><strong>Mais investimentos<\/strong><\/p>\n<p>Daniel ainda anunciou novos projetos vi\u00e1rios que v\u00e3o beneficiar as cidades daquela regi\u00e3o, como a reforma da ponte sobre o rio Bonito \u2013 tamb\u00e9m localizada na GO-471 -, a pavimenta\u00e7\u00e3o asf\u00e1ltica desta mesma rodovia, e mais uma etapa do Goi\u00e1s em Movimento, programa coordenado pela Ag\u00eancia Goiana de Transporte e Obras P\u00fablicas (Goinfra) que asfalta ruas em parceria com as prefeituras. \u201c<\/p>\n<p>O governador Ronaldo Caiado determinou o in\u00edcio dos estudos t\u00e9cnicos para viabilizarmos estas a\u00e7\u00f5es o quanto antes\u201d, disse ele, que tamb\u00e9m representou o chefe do Executivo em Palestina.<\/p>\n<p>\u201cEstas obras, assim como tantas outras que est\u00e3o em execu\u00e7\u00e3o nas mais divers\u00f5es regi\u00f5es do estado, potencializam o resultado da agricultura e da pecu\u00e1ria goiana\u201d, afirmou o vice-governador em discurso \u00e0s cerca de 500 pessoas que estavam no evento.<\/p>\n","protected":false},"excerpt":{"rendered":"<p>O vice-governador Daniel Vilela entregou \u00e0 popula\u00e7\u00e3o de Palestina de Goi\u00e1s,\u00a0neste s\u00e1bado (26), a primeira etapa das obras de recupera\u00e7\u00e3o da GO-471, que liga a cidade a Aren\u00f3polis, ambas localizadas na regi\u00e3o oeste do estado. A inaugura\u00e7\u00e3o simb\u00f3lica do trecho de 55 quil\u00f4metros ocorreu no Clube Jo\u00e3o Carlos de Barros, em um evento promovido pelo &hellip;<\/p>\n","protected":false},"author":3,"featured_media":72006,"comment_status":"closed","ping_status":"open","sticky":false,"template":"","format":"standard","meta":{"footnotes":""},"categories":[15,19,62,4],"tags":[],"class_list":["post-72005","post","type-post","status-publish","format-standard","has-post-thumbnail","hentry","category-goias","category-manchete","category-rodovias","category-ultimas-noticias"],"_links":{"self":[{"href":"https:\/\/goiasemtempo.com.br\/home\/wp-json\/wp\/v2\/posts\/72005","targetHints":{"allow":["GET"]}}],"collection":[{"href":"https:\/\/goiasemtempo.com.br\/home\/wp-json\/wp\/v2\/posts"}],"about":[{"href":"https:\/\/goiasemtempo.com.br\/home\/wp-json\/wp\/v2\/types\/post"}],"author":[{"embeddable":true,"href":"https:\/\/goiasemtempo.com.br\/home\/wp-json\/wp\/v2\/users\/3"}],"replies":[{"embeddable":true,"href":"https:\/\/goiasemtempo.com.br\/home\/wp-json\/wp\/v2\/comments?post=72005"}],"version-history":[{"count":1,"href":"https:\/\/goiasemtempo.com.br\/home\/wp-json\/wp\/v2\/posts\/72005\/revisions"}],"predecessor-version":[{"id":72007,"href":"https:\/\/goiasemtempo.com.br\/home\/wp-json\/wp\/v2\/posts\/72005\/revisions\/72007"}],"wp:featuredmedia":[{"embeddable":true,"href":"https:\/\/goiasemtempo.com.br\/home\/wp-json\/wp\/v2\/media\/72006"}],"wp:attachment":[{"href":"https:\/\/goiasemtempo.com.br\/home\/wp-json\/wp\/v2\/media?parent=72005"}],"wp:term":[{"taxonomy":"category","embeddable":true,"href":"https:\/\/goiasemtempo.com.br\/home\/wp-json\/wp\/v2\/categories?post=72005"},{"taxonomy":"post_tag","embeddable":true,"href":"https:\/\/goiasemtempo.com.br\/home\/wp-json\/wp\/v2\/tags?post=72005"}],"curies":[{"name":"wp","href":"https:\/\/api.w.org\/{rel}","templated":true}]}}