{"id":71955,"date":"2023-08-16T13:26:30","date_gmt":"2023-08-16T13:26:30","guid":{"rendered":"https:\/\/goiasemtempo.com.br\/home\/?p=71955"},"modified":"2023-08-16T13:28:09","modified_gmt":"2023-08-16T13:28:09","slug":"ueg-faz-evento-em-anapolis-para-homenagear-o-professor-e-psicologo-nelson-de-abreu","status":"publish","type":"post","link":"https:\/\/goiasemtempo.com.br\/home\/ueg-faz-evento-em-anapolis-para-homenagear-o-professor-e-psicologo-nelson-de-abreu\/","title":{"rendered":"UEG faz evento em An\u00e1polis para homenagear psic\u00f3logo e professor Nelson de Abreu"},"content":{"rendered":"<div class=\"texto\">\n<p>A Universidade Estadual de Goi\u00e1s (UEG), no campus Nelson de Abreu J\u00fanior, realizar\u00e1 nesta quarta-feira (16) mais uma edi\u00e7\u00e3o do evento que homenageia o professor e psic\u00f3logo que faleceu em decorr\u00eancia da Covid-19, em maio de 2021, e que nomeia a unidade de Ci\u00eancias Sociecon\u00f4micas e Humanas, localizado no bairro Jundia\u00ed, em An\u00e1polis.<\/p>\n<p>As atividades do \u201cDia do Nelson\u201d come\u00e7am \u00e0s 9h e se estendem at\u00e9 22h. A entrada \u00e9 gratuita, durante toda a programa\u00e7\u00e3o do per\u00edodo matutino e noturno. A programa\u00e7\u00e3o \u00e9 repleta de diversidade, tendo momentos musicais, art\u00edsticas, oficinas, liter\u00e1rias e cinematogr\u00e1ficas.<\/p>\n<p>Est\u00e3o confirmadas no evento participa\u00e7\u00f5es da Dida Poeta, Yanomami (grafite), Maria Teimosa, Rondinelli Linhares, Grupo de Dan\u00e7a \u00c1rabe Lanne Silva, Mistura Caipira, Associa\u00e7\u00e3o de Skate ASA, Marreta Sounds Hi-FI, Rankin Japa, Fabr\u00edcio Rosa, Sandra Rodart e Ademir Luiz, Marcos Athaydes, Fellipe Cotta, a delegada da mulher Isabella Joy, exibi\u00e7\u00e3o de longas e curta metragens.<\/p>\n<p>Al\u00e9m disso, o encontro conta com a din\u00e2mica de apresenta\u00e7\u00f5es de palco aberto, ou seja, qualquer pessoa durante o dia poder\u00e1 realizar exposi\u00e7\u00f5es no evento.<\/p>\n<p>Nelson de Abreu J\u00fanior foi, durante anos, um dos dirigentes da unidade que agora recebe o nome dele. O profissional morreu em maio de 2021, aos 57 anos, v\u00edtima da Covid-19.<\/p>\n<p>Com esse encontro cultura da UEG, alunos, professores e comunidade em geral tentam manter viva a mem\u00f3ria dele. Para al\u00e9m das barreiras acad\u00eamicas, Nelson era considerado um promotor de eventos art\u00edsticos-culturais ativo na institui\u00e7\u00e3o.<\/p>\n<\/div>\n<div class=\"box-comentarios\"><\/div>\n","protected":false},"excerpt":{"rendered":"<p>A Universidade Estadual de Goi\u00e1s (UEG), no campus Nelson de Abreu J\u00fanior, realizar\u00e1 nesta quarta-feira (16) mais uma edi\u00e7\u00e3o do evento que homenageia o professor e psic\u00f3logo que faleceu em decorr\u00eancia da Covid-19, em maio de 2021, e que nomeia a unidade de Ci\u00eancias Sociecon\u00f4micas e Humanas, localizado no bairro Jundia\u00ed, em An\u00e1polis. As atividades &hellip;<\/p>\n","protected":false},"author":3,"featured_media":71956,"comment_status":"closed","ping_status":"open","sticky":false,"template":"","format":"standard","meta":{"_exactmetrics_skip_tracking":false,"_exactmetrics_sitenote_active":false,"_exactmetrics_sitenote_note":"","_exactmetrics_sitenote_category":0,"footnotes":""},"categories":[18,25,481],"tags":[],"_links":{"self":[{"href":"https:\/\/goiasemtempo.com.br\/home\/wp-json\/wp\/v2\/posts\/71955"}],"collection":[{"href":"https:\/\/goiasemtempo.com.br\/home\/wp-json\/wp\/v2\/posts"}],"about":[{"href":"https:\/\/goiasemtempo.com.br\/home\/wp-json\/wp\/v2\/types\/post"}],"author":[{"embeddable":true,"href":"https:\/\/goiasemtempo.com.br\/home\/wp-json\/wp\/v2\/users\/3"}],"replies":[{"embeddable":true,"href":"https:\/\/goiasemtempo.com.br\/home\/wp-json\/wp\/v2\/comments?post=71955"}],"version-history":[{"count":3,"href":"https:\/\/goiasemtempo.com.br\/home\/wp-json\/wp\/v2\/posts\/71955\/revisions"}],"predecessor-version":[{"id":71959,"href":"https:\/\/goiasemtempo.com.br\/home\/wp-json\/wp\/v2\/posts\/71955\/revisions\/71959"}],"wp:featuredmedia":[{"embeddable":true,"href":"https:\/\/goiasemtempo.com.br\/home\/wp-json\/wp\/v2\/media\/71956"}],"wp:attachment":[{"href":"https:\/\/goiasemtempo.com.br\/home\/wp-json\/wp\/v2\/media?parent=71955"}],"wp:term":[{"taxonomy":"category","embeddable":true,"href":"https:\/\/goiasemtempo.com.br\/home\/wp-json\/wp\/v2\/categories?post=71955"},{"taxonomy":"post_tag","embeddable":true,"href":"https:\/\/goiasemtempo.com.br\/home\/wp-json\/wp\/v2\/tags?post=71955"}],"curies":[{"name":"wp","href":"https:\/\/api.w.org\/{rel}","templated":true}]}}