{"id":71937,"date":"2023-08-15T17:54:51","date_gmt":"2023-08-15T17:54:51","guid":{"rendered":"https:\/\/goiasemtempo.com.br\/home\/?p=71937"},"modified":"2023-08-15T17:55:17","modified_gmt":"2023-08-15T17:55:17","slug":"apagao-deixa-bairros-de-anapolis-sem-energia-eletrica-nesta-terca-feira-15","status":"publish","type":"post","link":"https:\/\/goiasemtempo.com.br\/home\/apagao-deixa-bairros-de-anapolis-sem-energia-eletrica-nesta-terca-feira-15\/","title":{"rendered":"Apag\u00e3o deixa bairros de An\u00e1polis sem energia el\u00e9trica nesta ter\u00e7a-feira (15)"},"content":{"rendered":"<p>Um apag\u00e3o de energia deixou algumas regi\u00f5es de An\u00e1polis sem abastecimento por, aproximadamente, 15 minutos. Por volta das 8h30, desta ter\u00e7a-feira (15), uma falha no Operador Nacional do Sistema (ONS) afetou estados de todas as regi\u00f5es do Brasil.\u00a0 Tamb\u00e9m houve relatos de car\u00eancia de sinal de telefonia, sobretudo da rede de dados m\u00f3vel.<\/p>\n<p>O Minist\u00e9rio de Minas e Energia (MME) informou que uma ocorr\u00eancia na rede de opera\u00e7\u00e3o do Sistema Interligado Nacional interrompeu 16 mil MW de carga e que a interrup\u00e7\u00e3o se deu devido a abertura da interliga\u00e7\u00e3o Norte\/Sudeste. As causas ainda est\u00e3o sendo apuradas.<\/p>\n<p>Em nota, o Grupo Equatorial Energia, distribuidora em Goi\u00e1s e mais seis estados (Alagoas, Amap\u00e1, Maranh\u00e3o, Par\u00e1, Piau\u00ed e Rio Grande do Sul), ressaltou que o problema teve uma abrang\u00eancia nacional.<\/p>\n<p>\u201cSegundo informa\u00e7\u00f5es preliminares, houve atua\u00e7\u00e3o do Esquema Regional de Al\u00edvio de Carga, que consiste em um mecanismo de prote\u00e7\u00e3o da rede para tentar restringir a perda de carga no sistema\u201d, afirmou.<\/p>\n<p>De acordo com apura\u00e7\u00e3o feita pelo DM An\u00e1polis, houve queda de energia el\u00e9trica em diversos bairros da cidade, como no Jardim Bandeirante, Maracananzinho, Conjunto IAPC e Centro.<\/p>\n<p>A Equatorial ainda informou que em todos os estados em que h\u00e1 concess\u00e3o do Grupo, o abastecimento j\u00e1 teve a normaliza\u00e7\u00e3o iniciada. \u201cO grupo segue acompanhando junto ao Operador Nacional do Sistema as provid\u00eancias para o restabelecimento integral das cargas e com equipes t\u00e9cnicas de prontid\u00e3o em todas as suas bases nos estados\u201d, concluiu o comunicado<\/p>\n","protected":false},"excerpt":{"rendered":"<p>Um apag\u00e3o de energia deixou algumas regi\u00f5es de An\u00e1polis sem abastecimento por, aproximadamente, 15 minutos. Por volta das 8h30, desta ter\u00e7a-feira (15), uma falha no Operador Nacional do Sistema (ONS) afetou estados de todas as regi\u00f5es do Brasil.\u00a0 Tamb\u00e9m houve relatos de car\u00eancia de sinal de telefonia, sobretudo da rede de dados m\u00f3vel. O Minist\u00e9rio &hellip;<\/p>\n","protected":false},"author":3,"featured_media":71938,"comment_status":"closed","ping_status":"open","sticky":false,"template":"","format":"standard","meta":{"_exactmetrics_skip_tracking":false,"_exactmetrics_sitenote_active":false,"_exactmetrics_sitenote_note":"","_exactmetrics_sitenote_category":0,"footnotes":""},"categories":[4],"tags":[],"_links":{"self":[{"href":"https:\/\/goiasemtempo.com.br\/home\/wp-json\/wp\/v2\/posts\/71937"}],"collection":[{"href":"https:\/\/goiasemtempo.com.br\/home\/wp-json\/wp\/v2\/posts"}],"about":[{"href":"https:\/\/goiasemtempo.com.br\/home\/wp-json\/wp\/v2\/types\/post"}],"author":[{"embeddable":true,"href":"https:\/\/goiasemtempo.com.br\/home\/wp-json\/wp\/v2\/users\/3"}],"replies":[{"embeddable":true,"href":"https:\/\/goiasemtempo.com.br\/home\/wp-json\/wp\/v2\/comments?post=71937"}],"version-history":[{"count":1,"href":"https:\/\/goiasemtempo.com.br\/home\/wp-json\/wp\/v2\/posts\/71937\/revisions"}],"predecessor-version":[{"id":71939,"href":"https:\/\/goiasemtempo.com.br\/home\/wp-json\/wp\/v2\/posts\/71937\/revisions\/71939"}],"wp:featuredmedia":[{"embeddable":true,"href":"https:\/\/goiasemtempo.com.br\/home\/wp-json\/wp\/v2\/media\/71938"}],"wp:attachment":[{"href":"https:\/\/goiasemtempo.com.br\/home\/wp-json\/wp\/v2\/media?parent=71937"}],"wp:term":[{"taxonomy":"category","embeddable":true,"href":"https:\/\/goiasemtempo.com.br\/home\/wp-json\/wp\/v2\/categories?post=71937"},{"taxonomy":"post_tag","embeddable":true,"href":"https:\/\/goiasemtempo.com.br\/home\/wp-json\/wp\/v2\/tags?post=71937"}],"curies":[{"name":"wp","href":"https:\/\/api.w.org\/{rel}","templated":true}]}}