{"id":71800,"date":"2023-08-02T03:08:10","date_gmt":"2023-08-02T03:08:10","guid":{"rendered":"https:\/\/goiasemtempo.com.br\/home\/?p=71800"},"modified":"2023-08-02T03:09:25","modified_gmt":"2023-08-02T03:09:25","slug":"imagens-fortes-marcelo-provoca-lesao-gravissima-em-adversario-e-expulso-e-chora","status":"publish","type":"post","link":"https:\/\/goiasemtempo.com.br\/home\/imagens-fortes-marcelo-provoca-lesao-gravissima-em-adversario-e-expulso-e-chora\/","title":{"rendered":"Imagens fortes : Marcelo provoca les\u00e3o grav\u00edssima em advers\u00e1rio, \u00e9 expulso e chora"},"content":{"rendered":"<p class=\"text\">O jogador Marcelo, do\u00a0<a href=\"https:\/\/www.terra.com.br\/esportes\/fluminense\/\" target=\"_blank\" rel=\"noopener\">Fluminense<\/a>, protagonizou cenas fortes\u00a0<a href=\"https:\/\/www.terra.com.br\/esportes\/futebol\/libertadores\/ao-vivo\/argentinos-juniors-x-fluminense\/78888\/\" target=\"_blank\" rel=\"noopener\">na partida contra o Argentino Juniors<\/a>\u00a0pelas\u00a0<a href=\"https:\/\/www.terra.com.br\/esportes\/futebol\/libertadores\/tabela\/\" target=\"_blank\" rel=\"noopener\">oitavas de final da Libertadores<\/a>\u00a0nesta ter\u00e7a-feira, 1\u00ba. Em uma disputa de bola,\u00a0<strong>o lateral pisou acidentalmente na perna do zagueiro Luciano Sanch\u00e9z<\/strong>, que caiu no gramado ap\u00f3s\u00a0grave les\u00e3o.\u00a0<em>Veja o lance no v\u00eddeo abaixo.\u00a0<\/em><\/p>\n<p class=\"text\">A cena aconteceu aos 10\u00a0minutos do 2\u00ba tempo, no Estadio Diego Armando Maradona, casa do time argentino, no jogo de ida do mata-mata da Libertadores. O zagueiro tentou desarmar uma bola dominada por Marcelo, que adiantou demais e pisou no advers\u00e1rio.<\/p>\n<div class=\"related-news\"><\/div>\n<div id=\"ad-video-inread--wrapper\">\n<div id=\"ad-video-inread\" class=\"ad-video-inread\" data-google-query-id=\"CKrf9r_-vIADFfKWlQIdsssHzg\">\n<div id=\"google_ads_iframe_\/1211\/br.terra.sports\/fluminense.articles_1__container__\">Ao perceber a gravidade da les\u00e3o de Sanch\u00e9z, Marcelo imediatamente se desespera e pede por atendimento m\u00e9dico ao advers\u00e1rio. O lance foi revisado pelo \u00e1rbitro de v\u00eddeo,\u00a0<strong>Marcelo acabou expulso\u00a0e deixou o gramado chorando<\/strong>.<\/div>\n<\/div>\n<\/div>\n<p class=\"text\">Na sequ\u00eancia, Sanch\u00e9z foi substitu\u00eddo por Minissale. Ainda n\u00e3o h\u00e1 informa\u00e7\u00f5es sobre o estado de sa\u00fade do jogador. O jogo de volta entre Fluminense e Argentino Juniors \u00e9 previsto para a pr\u00f3xima ter\u00e7a-feira, 8, no Maracan\u00e3.<\/p>\n<div class=\"twitter-tweet twitter-tweet-rendered\">\n<p><iframe id=\"twitter-widget-0\" class=\"\" title=\"Twitter Tweet\" src=\"https:\/\/platform.twitter.com\/embed\/Tweet.html?dnt=true&amp;embedId=twitter-widget-0&amp;features=eyJ0ZndfdGltZWxpbmVfbGlzdCI6eyJidWNrZXQiOltdLCJ2ZXJzaW9uIjpudWxsfSwidGZ3X2ZvbGxvd2VyX2NvdW50X3N1bnNldCI6eyJidWNrZXQiOnRydWUsInZlcnNpb24iOm51bGx9LCJ0ZndfdHdlZXRfZWRpdF9iYWNrZW5kIjp7ImJ1Y2tldCI6Im9uIiwidmVyc2lvbiI6bnVsbH0sInRmd19yZWZzcmNfc2Vzc2lvbiI6eyJidWNrZXQiOiJvbiIsInZlcnNpb24iOm51bGx9LCJ0ZndfZm9zbnJfc29mdF9pbnRlcnZlbnRpb25zX2VuYWJsZWQiOnsiYnVja2V0Ijoib24iLCJ2ZXJzaW9uIjpudWxsfSwidGZ3X21peGVkX21lZGlhXzE1ODk3Ijp7ImJ1Y2tldCI6InRyZWF0bWVudCIsInZlcnNpb24iOm51bGx9LCJ0ZndfZXhwZXJpbWVudHNfY29va2llX2V4cGlyYXRpb24iOnsiYnVja2V0IjoxMjA5NjAwLCJ2ZXJzaW9uIjpudWxsfSwidGZ3X3Nob3dfYmlyZHdhdGNoX3Bpdm90c19lbmFibGVkIjp7ImJ1Y2tldCI6Im9uIiwidmVyc2lvbiI6bnVsbH0sInRmd19kdXBsaWNhdGVfc2NyaWJlc190b19zZXR0aW5ncyI6eyJidWNrZXQiOiJvbiIsInZlcnNpb24iOm51bGx9LCJ0ZndfdXNlX3Byb2ZpbGVfaW1hZ2Vfc2hhcGVfZW5hYmxlZCI6eyJidWNrZXQiOiJvbiIsInZlcnNpb24iOm51bGx9LCJ0ZndfdmlkZW9faGxzX2R5bmFtaWNfbWFuaWZlc3RzXzE1MDgyIjp7ImJ1Y2tldCI6InRydWVfYml0cmF0ZSIsInZlcnNpb24iOm51bGx9LCJ0ZndfbGVnYWN5X3RpbWVsaW5lX3N1bnNldCI6eyJidWNrZXQiOnRydWUsInZlcnNpb24iOm51bGx9LCJ0ZndfdHdlZXRfZWRpdF9mcm9udGVuZCI6eyJidWNrZXQiOiJvbiIsInZlcnNpb24iOm51bGx9fQ%3D%3D&amp;frame=false&amp;hideCard=false&amp;hideThread=false&amp;id=1686517198607568896&amp;lang=pt&amp;origin=https%3A%2F%2Fwww.terra.com.br%2Fesportes%2Ffluminense%2Fimagens-fortes-marcelo-provoca-lesao-gravissima-em-adversario-e-expulso-e-chora%2Cf69d8570bdb70ee70e011f61daded537p19ngwt2.html&amp;sessionId=7dd7f4fbd1a347d597272eef050a1465dfb164c6&amp;siteScreenName=TerraEsportesBR&amp;theme=light&amp;widgetsVersion=aaf4084522e3a%3A1674595607486&amp;width=550px\" frameborder=\"0\" scrolling=\"no\" allowfullscreen=\"allowfullscreen\" data-mce-fragment=\"1\"><\/iframe><\/p>\n<p class=\"text\" dir=\"ltr\" lang=\"pt\">\u26a0\ufe0f Cena muito feia!<\/p>\n<p class=\"text\">Marcelo foi expulso no lance!<\/p>\n<p class=\"text\"><a href=\"https:\/\/t.co\/BKkbLZKBNV\">pic.twitter.com\/BKkbLZKBNV<\/a><\/p>\n<\/div>\n","protected":false},"excerpt":{"rendered":"<p>O jogador Marcelo, do\u00a0Fluminense, protagonizou cenas fortes\u00a0na partida contra o Argentino Juniors\u00a0pelas\u00a0oitavas de final da Libertadores\u00a0nesta ter\u00e7a-feira, 1\u00ba. Em uma disputa de bola,\u00a0o lateral pisou acidentalmente na perna do zagueiro Luciano Sanch\u00e9z, que caiu no gramado ap\u00f3s\u00a0grave les\u00e3o.\u00a0Veja o lance no v\u00eddeo abaixo.\u00a0 A cena aconteceu aos 10\u00a0minutos do 2\u00ba tempo, no Estadio Diego Armando &hellip;<\/p>\n","protected":false},"author":3,"featured_media":71802,"comment_status":"closed","ping_status":"open","sticky":false,"template":"","format":"standard","meta":{"footnotes":""},"categories":[464,4],"tags":[],"class_list":["post-71800","post","type-post","status-publish","format-standard","has-post-thumbnail","hentry","category-libertadores-da-america","category-ultimas-noticias"],"_links":{"self":[{"href":"https:\/\/goiasemtempo.com.br\/home\/wp-json\/wp\/v2\/posts\/71800","targetHints":{"allow":["GET"]}}],"collection":[{"href":"https:\/\/goiasemtempo.com.br\/home\/wp-json\/wp\/v2\/posts"}],"about":[{"href":"https:\/\/goiasemtempo.com.br\/home\/wp-json\/wp\/v2\/types\/post"}],"author":[{"embeddable":true,"href":"https:\/\/goiasemtempo.com.br\/home\/wp-json\/wp\/v2\/users\/3"}],"replies":[{"embeddable":true,"href":"https:\/\/goiasemtempo.com.br\/home\/wp-json\/wp\/v2\/comments?post=71800"}],"version-history":[{"count":3,"href":"https:\/\/goiasemtempo.com.br\/home\/wp-json\/wp\/v2\/posts\/71800\/revisions"}],"predecessor-version":[{"id":71804,"href":"https:\/\/goiasemtempo.com.br\/home\/wp-json\/wp\/v2\/posts\/71800\/revisions\/71804"}],"wp:featuredmedia":[{"embeddable":true,"href":"https:\/\/goiasemtempo.com.br\/home\/wp-json\/wp\/v2\/media\/71802"}],"wp:attachment":[{"href":"https:\/\/goiasemtempo.com.br\/home\/wp-json\/wp\/v2\/media?parent=71800"}],"wp:term":[{"taxonomy":"category","embeddable":true,"href":"https:\/\/goiasemtempo.com.br\/home\/wp-json\/wp\/v2\/categories?post=71800"},{"taxonomy":"post_tag","embeddable":true,"href":"https:\/\/goiasemtempo.com.br\/home\/wp-json\/wp\/v2\/tags?post=71800"}],"curies":[{"name":"wp","href":"https:\/\/api.w.org\/{rel}","templated":true}]}}