{"id":71671,"date":"2023-07-21T15:34:08","date_gmt":"2023-07-21T15:34:08","guid":{"rendered":"https:\/\/goiasemtempo.com.br\/home\/?p=71671"},"modified":"2023-07-21T15:35:09","modified_gmt":"2023-07-21T15:35:09","slug":"restaurantes-populares-passam-a-servir-27-mil-refeicoes-ao-dia-em-anapolis","status":"publish","type":"post","link":"https:\/\/goiasemtempo.com.br\/home\/restaurantes-populares-passam-a-servir-27-mil-refeicoes-ao-dia-em-anapolis\/","title":{"rendered":"Restaurantes populares passam a servir 2,7 mil refei\u00e7\u00f5es ao dia em An\u00e1polis"},"content":{"rendered":"<p>A partir desta sexta-feira (21) os quatro restaurantes populares mantidos pelo munic\u00edpio v\u00e3o fornecer, em conjunto, 2,7 mil refei\u00e7\u00f5es di\u00e1rias \u00e0 popula\u00e7\u00e3o de regi\u00f5es estrat\u00e9gicas da cidade. Isso significa atender pelo menos 60 mil pessoas por m\u00eas. A unidade que funciona na Vila Jaiara fornece 1,2 mil refei\u00e7\u00f5es di\u00e1rias. A unidade do Portal do Cerrado\/Recanto do Sol, inaugurada na quarta-feira (19), mais 500.<\/p>\n<p>Nesta quinta-feira (20) foi inaugurado o Restaurante Popular do Bairro de Lourdes, que atende moradores de dezenas de bairros na regi\u00e3o e vai fornecer mais 500 refei\u00e7\u00f5es por dia. E, nesta sexta-feira (21), ser\u00e1 inaugurado o Restaurante Popular do Bairro Morumbi, na regi\u00e3o sul da cidade, que vai servir 500 refei\u00e7\u00f5es\/dia. Em todas elas a pessoa paga apenas R$ 2. A Prefeitura subsidia 90% do custo da refei\u00e7\u00e3o que, em m\u00e9dia, \u00e9 de R$ 16.<\/p>\n<p>O descerramento da placa e o corte da fita de inaugura\u00e7\u00e3o no restaurante do Bairro de Lourdes foram feitos pelo prefeito Roberto Naves (PP), acompanhado de outras autoridades. Entre elas a primeira-dama e deputada estadual Vivian Naves (PP); o vice-prefeito M\u00e1rcio C\u00e2ndido (PSC); o presidente da C\u00e2mara, Domingos Paula (PV); os vereadores Jo\u00e3o Feitosa (PP), Cabo Fred Caixeta (Avante), Cleide Hil\u00e1rio (Republicanos), Luzimar Silva (PMN), Frederico Godoy (SD) e Am\u00e9rico Ferreira (PP); os secret\u00e1rios Alex Martins e Eeriz\u00e2nia Freitas; o ministro provincial franciscano, frei Carlos Ant\u00f4nio; e centenas de moradores.<\/p>\n<p>Roberto Naves lembrou que, nas instala\u00e7\u00f5es onde agora funciona o restaurante popular, eram oferecidos marmitex, desde a pandemia, em sistema semelhante ao drive thru, por meio de parceria entre a Prefeitura de An\u00e1polis e a Organiza\u00e7\u00e3o das Volunt\u00e1rias de Goi\u00e1s (OVG), bra\u00e7o social do Governo de Goi\u00e1s. Agora o munic\u00edpio assume 100% do projeto e, ap\u00f3s revitaliza\u00e7\u00e3o completa do pr\u00e9dio, passa a funcionar como Restaurante Popular. \u201cO restaurante est\u00e1 aberto \u00e0s pessoas, oferece comida de qualidade, balanceada soo o aspecto nutritivo e inspecionado por nutricionista\u201d, disse o prefeito.<\/p>\n<p>Segundo Eeriz\u00e2nia Freitas, da Integra\u00e7\u00e3o Social, no caso espec\u00edfico do restaurante do Bairro de Lourdes, cada refei\u00e7\u00e3o custa no total R$ 15,99. A Prefeitura subsidia R$ 13,99 e o cidad\u00e3o paga apenas R$ 2. A unidade \u00e9 gerida pela empresa Comercial Ruhama, de propriedade de Leandro Augusto Bragan\u00e7a. Domingos Paula, vereador que representa o Bairro de Lourdes e regi\u00e3o, ressaltou a parceria entre a C\u00e2mara e a Prefeitura, na execu\u00e7\u00e3o de obras e servi\u00e7os nas diversas regi\u00f5es da cidade, \u201cfica nosso reconhecimento ao prefeito Roberto Naves e sua administra\u00e7\u00e3o que, em atendimento \u00e0s nossas solicita\u00e7\u00f5es, realizaram dezenas de obras no Bairro de Lourdes e nos bairros pr\u00f3ximos\u201d.<\/p>\n<p>Frei Carlos Ant\u00f4nio, que representa a Par\u00f3quia S\u00e3o Francisco \u2013 que tem o Bairro de Lourdes e regi\u00e3o sob sua abrang\u00eancia \u2013 procedeu a ben\u00e7\u00e3o do restaurante e dos alimentos. Em sua ora\u00e7\u00e3o, para exemplificar a relev\u00e2ncia da a\u00e7\u00e3o social desenvolvida pelo munic\u00edpio ao disponibilizar comida de forma acess\u00edvel para as pessoas \u2013 especialmente aquelas com menos recursos financeiros \u2013 citou a passagem do Evangelho de S\u00e3o Mateus, cap\u00edtulo 25, vers\u00edculo 25, que diz: \u201cPorque tive fome, e me destes de comer; tive sede, e me destes de beber\u201d.<\/p>\n","protected":false},"excerpt":{"rendered":"<p>A partir desta sexta-feira (21) os quatro restaurantes populares mantidos pelo munic\u00edpio v\u00e3o fornecer, em conjunto, 2,7 mil refei\u00e7\u00f5es di\u00e1rias \u00e0 popula\u00e7\u00e3o de regi\u00f5es estrat\u00e9gicas da cidade. Isso significa atender pelo menos 60 mil pessoas por m\u00eas. A unidade que funciona na Vila Jaiara fornece 1,2 mil refei\u00e7\u00f5es di\u00e1rias. A unidade do Portal do Cerrado\/Recanto &hellip;<\/p>\n","protected":false},"author":3,"featured_media":71672,"comment_status":"closed","ping_status":"open","sticky":false,"template":"","format":"standard","meta":{"_exactmetrics_skip_tracking":false,"_exactmetrics_sitenote_active":false,"_exactmetrics_sitenote_note":"","_exactmetrics_sitenote_category":0,"footnotes":""},"categories":[18,19,65],"tags":[],"_links":{"self":[{"href":"https:\/\/goiasemtempo.com.br\/home\/wp-json\/wp\/v2\/posts\/71671"}],"collection":[{"href":"https:\/\/goiasemtempo.com.br\/home\/wp-json\/wp\/v2\/posts"}],"about":[{"href":"https:\/\/goiasemtempo.com.br\/home\/wp-json\/wp\/v2\/types\/post"}],"author":[{"embeddable":true,"href":"https:\/\/goiasemtempo.com.br\/home\/wp-json\/wp\/v2\/users\/3"}],"replies":[{"embeddable":true,"href":"https:\/\/goiasemtempo.com.br\/home\/wp-json\/wp\/v2\/comments?post=71671"}],"version-history":[{"count":2,"href":"https:\/\/goiasemtempo.com.br\/home\/wp-json\/wp\/v2\/posts\/71671\/revisions"}],"predecessor-version":[{"id":71674,"href":"https:\/\/goiasemtempo.com.br\/home\/wp-json\/wp\/v2\/posts\/71671\/revisions\/71674"}],"wp:featuredmedia":[{"embeddable":true,"href":"https:\/\/goiasemtempo.com.br\/home\/wp-json\/wp\/v2\/media\/71672"}],"wp:attachment":[{"href":"https:\/\/goiasemtempo.com.br\/home\/wp-json\/wp\/v2\/media?parent=71671"}],"wp:term":[{"taxonomy":"category","embeddable":true,"href":"https:\/\/goiasemtempo.com.br\/home\/wp-json\/wp\/v2\/categories?post=71671"},{"taxonomy":"post_tag","embeddable":true,"href":"https:\/\/goiasemtempo.com.br\/home\/wp-json\/wp\/v2\/tags?post=71671"}],"curies":[{"name":"wp","href":"https:\/\/api.w.org\/{rel}","templated":true}]}}