{"id":71614,"date":"2023-07-14T19:18:49","date_gmt":"2023-07-14T19:18:49","guid":{"rendered":"https:\/\/goiasemtempo.com.br\/home\/?p=71614"},"modified":"2023-07-14T19:18:49","modified_gmt":"2023-07-14T19:18:49","slug":"acidente-com-onibus-deixa-quase-50-criancas-e-adolescentes-feridos-em-anapolis","status":"publish","type":"post","link":"https:\/\/goiasemtempo.com.br\/home\/acidente-com-onibus-deixa-quase-50-criancas-e-adolescentes-feridos-em-anapolis\/","title":{"rendered":"Acidente com \u00f4nibus deixa quase 50 crian\u00e7as e adolescentes feridos em An\u00e1polis"},"content":{"rendered":"<p>Um \u00f4nibus, que transportava 47 crian\u00e7as e adolescentes de escolinha de futebol de Planaltina-DF, sofreu um acidente na BR-414, em An\u00e1polis, na manh\u00e3 desta sexta-feira (14), e deixou tr\u00eas passageiros com ferimentos leves.<\/p>\n<p>O ve\u00edculo, que retornava da cidade de Jaragu\u00e1 ap\u00f3s participar durante a semana de competi\u00e7\u00f5es esportivas, seguia pela BR-153 quando o motorista errou a rota e acessou a BR-414. Em seguida, o coletivo acabou colidindo lateralmente com um GM Cruze.<\/p>\n<p>Com o impacto, tr\u00eas passageiros tiveram ferimentos leves e foram encaminhados para uma unidade hospitalar da cidade.<\/p>\n<p>O motorista do \u00f4nibus, um idoso de 62 anos, que n\u00e3o \u00e9 habilitado para o transporte de passageiros, foi submetido ao teste de baf\u00f4metro e foi reprovado com teor alco\u00f3lico de 0,29 mg\/l.<\/p>\n<p>Com o tac\u00f3grafo irregular, a PRF n\u00e3o pode identificar informa\u00e7\u00f5es como a velocidade do ve\u00edculo na hora do acidente e o tempo que o motorista estava na dire\u00e7\u00e3o do carro.<\/p>\n<p>O Conselho Tutelar da cidade foi acionado e a delega\u00e7\u00e3o esportiva foi levada para um local seguro para aguardar outro coletivo para seguir a viagem.<\/p>\n","protected":false},"excerpt":{"rendered":"<p>Um \u00f4nibus, que transportava 47 crian\u00e7as e adolescentes de escolinha de futebol de Planaltina-DF, sofreu um acidente na BR-414, em An\u00e1polis, na manh\u00e3 desta sexta-feira (14), e deixou tr\u00eas passageiros com ferimentos leves. O ve\u00edculo, que retornava da cidade de Jaragu\u00e1 ap\u00f3s participar durante a semana de competi\u00e7\u00f5es esportivas, seguia pela BR-153 quando o motorista &hellip;<\/p>\n","protected":false},"author":3,"featured_media":71615,"comment_status":"closed","ping_status":"open","sticky":false,"template":"","format":"standard","meta":{"_exactmetrics_skip_tracking":false,"_exactmetrics_sitenote_active":false,"_exactmetrics_sitenote_note":"","_exactmetrics_sitenote_category":0,"footnotes":""},"categories":[346,4],"tags":[],"_links":{"self":[{"href":"https:\/\/goiasemtempo.com.br\/home\/wp-json\/wp\/v2\/posts\/71614"}],"collection":[{"href":"https:\/\/goiasemtempo.com.br\/home\/wp-json\/wp\/v2\/posts"}],"about":[{"href":"https:\/\/goiasemtempo.com.br\/home\/wp-json\/wp\/v2\/types\/post"}],"author":[{"embeddable":true,"href":"https:\/\/goiasemtempo.com.br\/home\/wp-json\/wp\/v2\/users\/3"}],"replies":[{"embeddable":true,"href":"https:\/\/goiasemtempo.com.br\/home\/wp-json\/wp\/v2\/comments?post=71614"}],"version-history":[{"count":1,"href":"https:\/\/goiasemtempo.com.br\/home\/wp-json\/wp\/v2\/posts\/71614\/revisions"}],"predecessor-version":[{"id":71616,"href":"https:\/\/goiasemtempo.com.br\/home\/wp-json\/wp\/v2\/posts\/71614\/revisions\/71616"}],"wp:featuredmedia":[{"embeddable":true,"href":"https:\/\/goiasemtempo.com.br\/home\/wp-json\/wp\/v2\/media\/71615"}],"wp:attachment":[{"href":"https:\/\/goiasemtempo.com.br\/home\/wp-json\/wp\/v2\/media?parent=71614"}],"wp:term":[{"taxonomy":"category","embeddable":true,"href":"https:\/\/goiasemtempo.com.br\/home\/wp-json\/wp\/v2\/categories?post=71614"},{"taxonomy":"post_tag","embeddable":true,"href":"https:\/\/goiasemtempo.com.br\/home\/wp-json\/wp\/v2\/tags?post=71614"}],"curies":[{"name":"wp","href":"https:\/\/api.w.org\/{rel}","templated":true}]}}