{"id":71535,"date":"2023-07-06T20:57:32","date_gmt":"2023-07-06T20:57:32","guid":{"rendered":"https:\/\/goiasemtempo.com.br\/home\/?p=71535"},"modified":"2023-07-06T20:57:32","modified_gmt":"2023-07-06T20:57:32","slug":"manutencoes-da-saneago-afetarao-abastecimento-de-agua-em-anapolis-veja-os-locais","status":"publish","type":"post","link":"https:\/\/goiasemtempo.com.br\/home\/manutencoes-da-saneago-afetarao-abastecimento-de-agua-em-anapolis-veja-os-locais\/","title":{"rendered":"Manuten\u00e7\u00f5es da Saneago afetar\u00e3o abastecimento de \u00e1gua em An\u00e1polis; veja os locais"},"content":{"rendered":"<p>A Saneago anunciou que realizar\u00e1 manuten\u00e7\u00f5es programadas para interliga\u00e7\u00e3o de redes de distribui\u00e7\u00e3o de \u00e1gua em An\u00e1polis, entre os dias 10 e 14 de julho. Durante esse per\u00edodo, das 8h \u00e0s 17h, o abastecimento pode ser afetado em alguns bairros, especialmente nos im\u00f3veis que n\u00e3o possuem caixa d\u2019\u00e1gua adequada.<\/p>\n<p><strong>No dia 10, segunda-feira<\/strong>, as equipes estar\u00e3o na Avenida Professora Zenaide de Calle Roriz, no bairro Jundia\u00ed, e nas ruas 05 e 06, na Vila G\u00f3is\/Vila Miguel Jorge. Os setores potencialmente afetados incluem Batista, Jardim Na\u00e7\u00f5es Unidas, Jardim Santa Cec\u00edlia, Jundia\u00ed, Parque das Na\u00e7\u00f5es, Vila Dona Maria, Vila G\u00f3is, Vila Miguel Jorge, Vila Milmar, Vila Nossa Senhora D\u00b4Abadia e Vila S\u00e3o Joaquim.<\/p>\n<div class=\"google-auto-placed ap_container\"><ins class=\"adsbygoogle adsbygoogle-noablate\" data-ad-format=\"auto\" data-ad-client=\"ca-pub-3575193781382925\" data-adsbygoogle-status=\"done\" data-ad-status=\"filled\"><\/p>\n<div id=\"aswift_1_host\" tabindex=\"0\" title=\"Advertisement\" aria-label=\"Advertisement\"><\/div>\n<p><\/ins><\/div>\n<p><strong>No dia 11, ter\u00e7a-feira<\/strong>, as interven\u00e7\u00f5es ocorrer\u00e3o na Avenida Pedro Ludovico, na Vila S\u00e3o Joaquim\/Jardim Na\u00e7\u00f5es Unidas, e na Rua 04, na Vila Miguel Jorge. Os setores que podem ser afetados s\u00e3o Batista, Jardim Na\u00e7\u00f5es Unidas, Jardim Santa Cec\u00edlia, Parque das Na\u00e7\u00f5es, Vila Dona Maria, Vila G\u00f3is, Vila Miguel Jorge, Vila Milmar, Vila Nossa Senhora D\u00b4Abadia e Vila S\u00e3o Joaquim.<\/p>\n<div class=\"google-auto-placed ap_container\"><ins class=\"adsbygoogle adsbygoogle-noablate\" data-ad-format=\"auto\" data-ad-client=\"ca-pub-3575193781382925\" data-adsbygoogle-status=\"done\" data-ad-status=\"filled\"><\/p>\n<div id=\"aswift_2_host\" tabindex=\"0\" title=\"Advertisement\" aria-label=\"Advertisement\"><\/div>\n<p><\/ins><\/div>\n<p><strong>No dia 12, quarta-feira<\/strong>, as manuten\u00e7\u00f5es ser\u00e3o realizadas na Avenida Miguel Jo\u00e3o, na Vila Jussara, e na Rua 04, na Vila Formosa. Os setores pass\u00edveis de impacto incluem Batista, Jardim Na\u00e7\u00f5es Unidas, Jardim Santa Cec\u00edlia, Parque das Na\u00e7\u00f5es, Quinta da Vila Verde, Vila Dona Maria, Vila Formosa, Vila G\u00f3is, Vila Miguel Jorge, Vila Milmar, Vila Nossa Senhora D\u00b4Abadia e Vila S\u00e3o Joaquim.<\/p>\n<div class=\"google-auto-placed ap_container\"><ins class=\"adsbygoogle adsbygoogle-noablate\" data-ad-format=\"auto\" data-ad-client=\"ca-pub-3575193781382925\" data-adsbygoogle-status=\"done\" data-ad-status=\"filled\"><\/p>\n<div id=\"aswift_3_host\" tabindex=\"0\" title=\"Advertisement\" aria-label=\"Advertisement\"><strong style=\"background-color: #ffffff;\">No dia 13, quinta-feira<\/strong><span style=\"background-color: #ffffff;\">, as equipes atuar\u00e3o na Rua 09, Vila Formosa; na Avenida Brasil Sul, esquina com JM-03, e na Rua JM-01, no Setor Sul Jamil Miguel. Os setores que podem ser afetados abrangem Calixtol\u00e2ndia, Condom\u00ednio Vale dos P\u00e1ssaros, Eldorado, Jardim Am\u00e9rica, JK, JK Oeste, Parque S\u00e3o Jo\u00e3o, Polocentro, Residencial Arco Iris, Residencial Geovani Braga, Residencial Itatiaia, Residencial Sun Flower, S\u00e3o Jo\u00e3o, Setor Sul Jamil Miguel, Vila Formosa, Vila Goi\u00e1s, Vila Industrial Jundia\u00ed, Vila Jo\u00e3o Luiz de Oliveira e Vila S\u00e3o Jos\u00e9.<\/span><\/div>\n<p><\/ins><\/div>\n<p>&nbsp;<\/p>\n<p><strong>No dia 14, sexta-feira,<\/strong>\u00a0as interven\u00e7\u00f5es ser\u00e3o realizadas na Avenida Paraguai, esquina com Avenida Progresso, na Vila Industrial Jundia\u00ed; na Rua Maria Carlota dos Santos, esquina com Rua Pedro Toneline, no Residencial Itatiaia; e na Avenida Nacional, no Polocentro. Os setores que podem ser afetados s\u00e3o Calixtol\u00e2ndia, Eldorado, Jardim Am\u00e9rica, Polocentro, Residencial Itatiaia e Vila Industrial Jundia\u00ed.<\/p>\n<p>O fornecimento de \u00e1gua ser\u00e1 restabelecido assim que as manuten\u00e7\u00f5es forem conclu\u00eddas, com normaliza\u00e7\u00e3o gradual do sistema ao longo da noite.<\/p>\n<p>&nbsp;<\/p>\n","protected":false},"excerpt":{"rendered":"<p>A Saneago anunciou que realizar\u00e1 manuten\u00e7\u00f5es programadas para interliga\u00e7\u00e3o de redes de distribui\u00e7\u00e3o de \u00e1gua em An\u00e1polis, entre os dias 10 e 14 de julho. Durante esse per\u00edodo, das 8h \u00e0s 17h, o abastecimento pode ser afetado em alguns bairros, especialmente nos im\u00f3veis que n\u00e3o possuem caixa d\u2019\u00e1gua adequada. No dia 10, segunda-feira, as equipes &hellip;<\/p>\n","protected":false},"author":3,"featured_media":71536,"comment_status":"closed","ping_status":"open","sticky":false,"template":"","format":"standard","meta":{"_exactmetrics_skip_tracking":false,"_exactmetrics_sitenote_active":false,"_exactmetrics_sitenote_note":"","_exactmetrics_sitenote_category":0,"footnotes":""},"categories":[18,19,4],"tags":[],"_links":{"self":[{"href":"https:\/\/goiasemtempo.com.br\/home\/wp-json\/wp\/v2\/posts\/71535"}],"collection":[{"href":"https:\/\/goiasemtempo.com.br\/home\/wp-json\/wp\/v2\/posts"}],"about":[{"href":"https:\/\/goiasemtempo.com.br\/home\/wp-json\/wp\/v2\/types\/post"}],"author":[{"embeddable":true,"href":"https:\/\/goiasemtempo.com.br\/home\/wp-json\/wp\/v2\/users\/3"}],"replies":[{"embeddable":true,"href":"https:\/\/goiasemtempo.com.br\/home\/wp-json\/wp\/v2\/comments?post=71535"}],"version-history":[{"count":1,"href":"https:\/\/goiasemtempo.com.br\/home\/wp-json\/wp\/v2\/posts\/71535\/revisions"}],"predecessor-version":[{"id":71537,"href":"https:\/\/goiasemtempo.com.br\/home\/wp-json\/wp\/v2\/posts\/71535\/revisions\/71537"}],"wp:featuredmedia":[{"embeddable":true,"href":"https:\/\/goiasemtempo.com.br\/home\/wp-json\/wp\/v2\/media\/71536"}],"wp:attachment":[{"href":"https:\/\/goiasemtempo.com.br\/home\/wp-json\/wp\/v2\/media?parent=71535"}],"wp:term":[{"taxonomy":"category","embeddable":true,"href":"https:\/\/goiasemtempo.com.br\/home\/wp-json\/wp\/v2\/categories?post=71535"},{"taxonomy":"post_tag","embeddable":true,"href":"https:\/\/goiasemtempo.com.br\/home\/wp-json\/wp\/v2\/tags?post=71535"}],"curies":[{"name":"wp","href":"https:\/\/api.w.org\/{rel}","templated":true}]}}