{"id":71501,"date":"2023-07-03T15:14:53","date_gmt":"2023-07-03T15:14:53","guid":{"rendered":"https:\/\/goiasemtempo.com.br\/home\/?p=71501"},"modified":"2023-07-03T15:14:53","modified_gmt":"2023-07-03T15:14:53","slug":"morre-aos-85-anos-norma-haddad-mae-do-ministro-da-fazenda-fernando-haddad","status":"publish","type":"post","link":"https:\/\/goiasemtempo.com.br\/home\/morre-aos-85-anos-norma-haddad-mae-do-ministro-da-fazenda-fernando-haddad\/","title":{"rendered":"Morre aos 85 anos, Norma Haddad, m\u00e3e do ministro da fazenda Fernando Haddad"},"content":{"rendered":"<p>Faleceu neste domingo (2), em S\u00e3o Paulo, aos 85 anos, Norma Thereza Goussein Haddad, m\u00e3e do ministro da Fazenda Fernando Haddad. Ela vinha lutando contra um c\u00e2ncer h\u00e1 tr\u00eas anos e deixa, al\u00e9m de Haddad, as filhas L\u00facia e Priscila. A informa\u00e7\u00e3o foi confirmada pela assessoria do ministro.<\/p>\n<p>O vel\u00f3rio de Norma acontecer\u00e1 nesta segunda-feira (3) no cemit\u00e9rio Gethsemani-Morumbi, onde tamb\u00e9m ser\u00e1 realizado o sepultamento \u00e0s 16h. A cerim\u00f4nia ser\u00e1 reservada \u00e0 fam\u00edlia e amigos, conforme informado pela assessoria do ministro. \u201cO ministro da Fazenda, Fernando Haddad, agradece as mensagens enviadas e pede que o momento seja respeitado\u201d, completou a nota divulgada.<\/p>\n","protected":false},"excerpt":{"rendered":"<p>Faleceu neste domingo (2), em S\u00e3o Paulo, aos 85 anos, Norma Thereza Goussein Haddad, m\u00e3e do ministro da Fazenda Fernando Haddad. Ela vinha lutando contra um c\u00e2ncer h\u00e1 tr\u00eas anos e deixa, al\u00e9m de Haddad, as filhas L\u00facia e Priscila. A informa\u00e7\u00e3o foi confirmada pela assessoria do ministro. O vel\u00f3rio de Norma acontecer\u00e1 nesta segunda-feira &hellip;<\/p>\n","protected":false},"author":3,"featured_media":71502,"comment_status":"closed","ping_status":"open","sticky":false,"template":"","format":"standard","meta":{"footnotes":""},"categories":[4],"tags":[],"class_list":["post-71501","post","type-post","status-publish","format-standard","has-post-thumbnail","hentry","category-ultimas-noticias"],"_links":{"self":[{"href":"https:\/\/goiasemtempo.com.br\/home\/wp-json\/wp\/v2\/posts\/71501","targetHints":{"allow":["GET"]}}],"collection":[{"href":"https:\/\/goiasemtempo.com.br\/home\/wp-json\/wp\/v2\/posts"}],"about":[{"href":"https:\/\/goiasemtempo.com.br\/home\/wp-json\/wp\/v2\/types\/post"}],"author":[{"embeddable":true,"href":"https:\/\/goiasemtempo.com.br\/home\/wp-json\/wp\/v2\/users\/3"}],"replies":[{"embeddable":true,"href":"https:\/\/goiasemtempo.com.br\/home\/wp-json\/wp\/v2\/comments?post=71501"}],"version-history":[{"count":1,"href":"https:\/\/goiasemtempo.com.br\/home\/wp-json\/wp\/v2\/posts\/71501\/revisions"}],"predecessor-version":[{"id":71503,"href":"https:\/\/goiasemtempo.com.br\/home\/wp-json\/wp\/v2\/posts\/71501\/revisions\/71503"}],"wp:featuredmedia":[{"embeddable":true,"href":"https:\/\/goiasemtempo.com.br\/home\/wp-json\/wp\/v2\/media\/71502"}],"wp:attachment":[{"href":"https:\/\/goiasemtempo.com.br\/home\/wp-json\/wp\/v2\/media?parent=71501"}],"wp:term":[{"taxonomy":"category","embeddable":true,"href":"https:\/\/goiasemtempo.com.br\/home\/wp-json\/wp\/v2\/categories?post=71501"},{"taxonomy":"post_tag","embeddable":true,"href":"https:\/\/goiasemtempo.com.br\/home\/wp-json\/wp\/v2\/tags?post=71501"}],"curies":[{"name":"wp","href":"https:\/\/api.w.org\/{rel}","templated":true}]}}