{"id":71464,"date":"2023-06-29T14:46:22","date_gmt":"2023-06-29T14:46:22","guid":{"rendered":"https:\/\/goiasemtempo.com.br\/home\/?p=71464"},"modified":"2023-06-29T14:46:22","modified_gmt":"2023-06-29T14:46:22","slug":"centro-cultural-octo-marques-passa-a-abrir-aos-domingos-e-feriados-em-goiania","status":"publish","type":"post","link":"https:\/\/goiasemtempo.com.br\/home\/centro-cultural-octo-marques-passa-a-abrir-aos-domingos-e-feriados-em-goiania\/","title":{"rendered":"Centro Cultural Octo Marques passa a abrir aos domingos e feriados, em Goi\u00e2nia"},"content":{"rendered":"<p>O Centro Cultural Octo Marques, unidade da Secretaria de Estado da Cultura em Goi\u00e2nia (Secult), vai ampliar o seu hor\u00e1rio de funcionamento a partir deste s\u00e1bado (1). O local, que j\u00e1 funciona de segunda a s\u00e1bado, agora tamb\u00e9m vai abrir aos domingos e feriados, das 9h00 \u00e0s 15h00, com entrada gratuita.<\/p>\n<p>Criado no final da d\u00e9cada de 1980, o Centro Cultural Octo Marques homenageia nominalmente o artista pl\u00e1stico goiano e fica localizado no Edif\u00edcio Parthenon Center, no Centro da Capital. O espa\u00e7o \u00e9 pet friendly e abriga as Galerias de Arte Frei Confaloni e Sebasti\u00e3o dos Reis, al\u00e9m da Escola de Artes e Visuais (EAV). As galerias recebem regularmente exposi\u00e7\u00f5es individuais e coletivas de artistas diversos com o prop\u00f3sito de divulgar e valorizar a arte e o talento regional.<\/p>\n<p><strong><em>Exposi\u00e7\u00f5es<\/em><\/strong><\/p>\n<p>Nesta quinta-feira (29), \u00e0s 19h00, ser\u00e1 aberta a mostra coletiva \u201cAbrir Horizontes\u201d com curadoria tr\u00edplice assinada pelo artista Dalton Paula, pelo artista e curador independente Divino Sobral, e pelo professor de Hist\u00f3ria da Arte e curador Paulo Duarte-Feitoza. O objetivo da exposi\u00e7\u00e3o \u00e9 pensar no atual momento da arte em Goi\u00e1s, marcado pelo crescimento da produ\u00e7\u00e3o art\u00edstica em quantidade, qualidade e diversidade e pela intensifica\u00e7\u00e3o das atividades art\u00edsticas.<\/p>\n<p>O trabalho traz uma vis\u00e3o panor\u00e2mica da produ\u00e7\u00e3o feita na 3\u00aa d\u00e9cada do s\u00e9culo XXI, reunindo 26 artistas jovens, de diferentes g\u00eaneros, forma\u00e7\u00f5es, ra\u00e7as e tend\u00eancias art\u00edsticas. S\u00e3o eles: Abra\u00e3o Veloso, Ambar Pict\u00f3rica, Ana Fl\u00e1via Maru, Andr\u00e9 Cardoso, Badu, Benedito Ferreira, Carlos Camilo, Carlos Monaretta, Diego Oliveira, Emiliano Freitas, Estev\u00e3o Parreiras, Gabriela Chaves, Hal Wildson, La\u00eds Rocha, Lina Cruvinel, Manuela Costa Silva, Matheus de Souza, Matheus Pires, Mirna Anaquiri, Rafael Almeida, Raquel Rocha, Talles Lopes, Tor Teixeira, Walter Pimentel, William Maia e Xica.<\/p>\n<p>A exposi\u00e7\u00e3o ficar\u00e1 dispon\u00edvel at\u00e9 o dia 5 de agosto, nas galerias Frei Nazareno Confaloni e Sebasti\u00e3o dos Reis, com visita\u00e7\u00e3o de segunda a sexta, das 9h00 \u00e0s 17h00, e aos s\u00e1bados, domingos e feriados, das 9h00 \u00e0s 15h00. A entrada \u00e9 gratuita.<\/p>\n","protected":false},"excerpt":{"rendered":"<p>O Centro Cultural Octo Marques, unidade da Secretaria de Estado da Cultura em Goi\u00e2nia (Secult), vai ampliar o seu hor\u00e1rio de funcionamento a partir deste s\u00e1bado (1). O local, que j\u00e1 funciona de segunda a s\u00e1bado, agora tamb\u00e9m vai abrir aos domingos e feriados, das 9h00 \u00e0s 15h00, com entrada gratuita. Criado no final da &hellip;<\/p>\n","protected":false},"author":3,"featured_media":71465,"comment_status":"closed","ping_status":"open","sticky":false,"template":"","format":"standard","meta":{"_exactmetrics_skip_tracking":false,"_exactmetrics_sitenote_active":false,"_exactmetrics_sitenote_note":"","_exactmetrics_sitenote_category":0,"footnotes":""},"categories":[32,500],"tags":[],"_links":{"self":[{"href":"https:\/\/goiasemtempo.com.br\/home\/wp-json\/wp\/v2\/posts\/71464"}],"collection":[{"href":"https:\/\/goiasemtempo.com.br\/home\/wp-json\/wp\/v2\/posts"}],"about":[{"href":"https:\/\/goiasemtempo.com.br\/home\/wp-json\/wp\/v2\/types\/post"}],"author":[{"embeddable":true,"href":"https:\/\/goiasemtempo.com.br\/home\/wp-json\/wp\/v2\/users\/3"}],"replies":[{"embeddable":true,"href":"https:\/\/goiasemtempo.com.br\/home\/wp-json\/wp\/v2\/comments?post=71464"}],"version-history":[{"count":1,"href":"https:\/\/goiasemtempo.com.br\/home\/wp-json\/wp\/v2\/posts\/71464\/revisions"}],"predecessor-version":[{"id":71466,"href":"https:\/\/goiasemtempo.com.br\/home\/wp-json\/wp\/v2\/posts\/71464\/revisions\/71466"}],"wp:featuredmedia":[{"embeddable":true,"href":"https:\/\/goiasemtempo.com.br\/home\/wp-json\/wp\/v2\/media\/71465"}],"wp:attachment":[{"href":"https:\/\/goiasemtempo.com.br\/home\/wp-json\/wp\/v2\/media?parent=71464"}],"wp:term":[{"taxonomy":"category","embeddable":true,"href":"https:\/\/goiasemtempo.com.br\/home\/wp-json\/wp\/v2\/categories?post=71464"},{"taxonomy":"post_tag","embeddable":true,"href":"https:\/\/goiasemtempo.com.br\/home\/wp-json\/wp\/v2\/tags?post=71464"}],"curies":[{"name":"wp","href":"https:\/\/api.w.org\/{rel}","templated":true}]}}