{"id":71370,"date":"2023-06-22T18:05:55","date_gmt":"2023-06-22T18:05:55","guid":{"rendered":"https:\/\/goiasemtempo.com.br\/home\/?p=71370"},"modified":"2023-06-22T18:05:55","modified_gmt":"2023-06-22T18:05:55","slug":"nas-redes-sociais-emerson-avila-se-despede-do-goias","status":"publish","type":"post","link":"https:\/\/goiasemtempo.com.br\/home\/nas-redes-sociais-emerson-avila-se-despede-do-goias\/","title":{"rendered":"Nas redes sociais, Emerson \u00c1vila se despede do Goi\u00e1s"},"content":{"rendered":"<p>Na manh\u00e3 desta quinta-feira (22) Emerson \u00c1vila se despediu do Goi\u00e1s Esporte Clube. No final do ano passado, o profissional foi contratado para integrar a comiss\u00e3o t\u00e9cnica permanente do Verd\u00e3o. No entanto, ap\u00f3s a demiss\u00e3o de Guto Ferreira, ele assumiu o comando da equipe interinamente e tinha contrato at\u00e9 o final de 2025.<\/p>\n<p>Em contato com a reportagem da\u00a0<em>R\u00e1dio Bandeirantes<\/em>, \u00c1vila revelou que sua sa\u00edda do clube foi em comum acordo.\u00a0Em\u00a0<strong><a href=\"https:\/\/www.goiasec.com.br\/nota-oficial-22-06-2023\/\" target=\"_blank\" rel=\"noreferrer noopener\">nota oficial<\/a><\/strong>, o Goi\u00e1s confirmou a informa\u00e7\u00e3o.\u00a0<strong>Confira:<\/strong><\/p>\n<p>\u201c<em>O Goi\u00e1s esporte Clube comunica o desligamento do auxiliar t\u00e9cnico Emerson \u00c1vila.<\/em>\u00a0<em>A decis\u00e3o foi em comum acordo entre o clube e o profissional.<\/em>\u00a0<em>A diretoria agradece os servi\u00e7os prestados e deseja sucesso nos pr\u00f3ximos desafios<\/em>\u201c, publicou o Goi\u00e1s.<\/p>\n<p>Vale lembrar que ap\u00f3s a chegada do t\u00e9cnico portugu\u00eas Armando Evangelista e de sua comiss\u00e3o, a perman\u00eancia de Emerson \u00c1vila no clube<strong>\u00a0<\/strong>se tornou um ponto de interroga\u00e7\u00e3o.\u00a0Em sua \u00faltima entrevista coletiva, ap\u00f3s o empate por zero a zero com o Gimnasia de La Plata, o profissional revelou que\u00a0<a href=\"https:\/\/radiobandeirantesgoiania.com.br\/emerson-avila-revela-que-decisao-de-jogar-com-time-reserva-foi-da-diretoria-do-goias\/\"><strong>entrou em campo com o time reserva por orienta\u00e7\u00e3o da diretoria esmeraldina<\/strong><\/a>.<\/p>\n<p>A declara\u00e7\u00e3o n\u00e3o foi bem aceita pela diretoria e pelos conselheiros do clube e sua perman\u00eancia n\u00e3o era mais unanimidade na diretoria esmeraldina. Dessa forma, o treinador deixa o Goi\u00e1s.<\/p>\n<p>Nas redes sociais, o profissional agradeceu \u201c\u00e0 diretoria pela oportunidade, a comiss\u00e3o t\u00e9cnica\/Staff pela dedica\u00e7\u00e3o e amizade, aos torcedores pela presen\u00e7a e apoio, aos atletas por todo envolvimento e parceria nesse per\u00edodo\u201d.\u00a0<strong>Confira:<\/strong><\/p>\n<p><iframe id=\"instagram-embed-0\" class=\"instagram-media instagram-media-rendered\" src=\"https:\/\/www.instagram.com\/p\/CtyzBFBLYBe\/embed\/captioned\/?cr=1&amp;v=14&amp;wp=540&amp;rd=https%3A%2F%2Fradiobandeirantesgoiania.com.br&amp;rp=%2Fnas-redes-sociais-emerson-avila-se-despede-do-goias%2F#%7B%22ci%22%3A0%2C%22os%22%3A32064.89999999106%2C%22ls%22%3A1665%2C%22le%22%3A4082.7000000029802%7D\" height=\"1332\" frameborder=\"0\" scrolling=\"no\" allowfullscreen=\"allowfullscreen\" data-instgrm-payload-id=\"instagram-media-payload-0\" data-mce-fragment=\"1\"><\/iframe><\/p>\n<p>Emerson tamb\u00e9m destacou as vit\u00f3rias e o t\u00edtulo in\u00e9dito da Copa Verde 2023, que conquistou \u00e0 frente do comando do Goi\u00e1s. Em 16 jogos, foram seis vit\u00f3rias, quatro empates e seis derrotas, com um aproveitamento de 45, 83%.<\/p>\n","protected":false},"excerpt":{"rendered":"<p>Na manh\u00e3 desta quinta-feira (22) Emerson \u00c1vila se despediu do Goi\u00e1s Esporte Clube. No final do ano passado, o profissional foi contratado para integrar a comiss\u00e3o t\u00e9cnica permanente do Verd\u00e3o. No entanto, ap\u00f3s a demiss\u00e3o de Guto Ferreira, ele assumiu o comando da equipe interinamente e tinha contrato at\u00e9 o final de 2025. Em contato &hellip;<\/p>\n","protected":false},"author":3,"featured_media":71371,"comment_status":"closed","ping_status":"open","sticky":false,"template":"","format":"standard","meta":{"_exactmetrics_skip_tracking":false,"_exactmetrics_sitenote_active":false,"_exactmetrics_sitenote_note":"","_exactmetrics_sitenote_category":0,"footnotes":""},"categories":[36],"tags":[],"_links":{"self":[{"href":"https:\/\/goiasemtempo.com.br\/home\/wp-json\/wp\/v2\/posts\/71370"}],"collection":[{"href":"https:\/\/goiasemtempo.com.br\/home\/wp-json\/wp\/v2\/posts"}],"about":[{"href":"https:\/\/goiasemtempo.com.br\/home\/wp-json\/wp\/v2\/types\/post"}],"author":[{"embeddable":true,"href":"https:\/\/goiasemtempo.com.br\/home\/wp-json\/wp\/v2\/users\/3"}],"replies":[{"embeddable":true,"href":"https:\/\/goiasemtempo.com.br\/home\/wp-json\/wp\/v2\/comments?post=71370"}],"version-history":[{"count":1,"href":"https:\/\/goiasemtempo.com.br\/home\/wp-json\/wp\/v2\/posts\/71370\/revisions"}],"predecessor-version":[{"id":71372,"href":"https:\/\/goiasemtempo.com.br\/home\/wp-json\/wp\/v2\/posts\/71370\/revisions\/71372"}],"wp:featuredmedia":[{"embeddable":true,"href":"https:\/\/goiasemtempo.com.br\/home\/wp-json\/wp\/v2\/media\/71371"}],"wp:attachment":[{"href":"https:\/\/goiasemtempo.com.br\/home\/wp-json\/wp\/v2\/media?parent=71370"}],"wp:term":[{"taxonomy":"category","embeddable":true,"href":"https:\/\/goiasemtempo.com.br\/home\/wp-json\/wp\/v2\/categories?post=71370"},{"taxonomy":"post_tag","embeddable":true,"href":"https:\/\/goiasemtempo.com.br\/home\/wp-json\/wp\/v2\/tags?post=71370"}],"curies":[{"name":"wp","href":"https:\/\/api.w.org\/{rel}","templated":true}]}}