{"id":71364,"date":"2023-06-21T16:43:10","date_gmt":"2023-06-21T16:43:10","guid":{"rendered":"https:\/\/goiasemtempo.com.br\/home\/?p=71364"},"modified":"2023-06-21T16:43:10","modified_gmt":"2023-06-21T16:43:10","slug":"inverno-comeca-nesta-quarta-feira-21-e-deve-ter-temperaturas-acima-da-media-em-anapolis","status":"publish","type":"post","link":"https:\/\/goiasemtempo.com.br\/home\/inverno-comeca-nesta-quarta-feira-21-e-deve-ter-temperaturas-acima-da-media-em-anapolis\/","title":{"rendered":"Inverno come\u00e7a nesta quarta-feira (21) e deve ter temperaturas acima da m\u00e9dia em An\u00e1polis"},"content":{"rendered":"<p>O inverno come\u00e7a nesta quarta-feira (21) no hemisf\u00e9rio Sul, mas quem mora em An\u00e1polis n\u00e3o precisa esperar temperaturas congelantes como as observadas noutros anos. O globo est\u00e1 sob influ\u00eancia, desde o dia 8 de junho, do fen\u00f4meno El Ni\u00f1o, que aquece as \u00e1guas do Oceano Pac\u00edfico e tende a afastar massas de ar frias do Centro-Oeste do pa\u00eds.<\/p>\n<p>Portanto, segundo o Centro de Informa\u00e7\u00f5es Meteorol\u00f3gicas e Hidrol\u00f3gicas de Goi\u00e1s (Cimehgo), a perspectiva para a esta\u00e7\u00e3o que vai at\u00e9 setembro \u00e9 de temperaturas acima da m\u00e9dia.<\/p>\n<p>Por ora, conforme o gerente do Cimehgo, Andr\u00e9 Amorim, a tend\u00eancia \u00e9 de que as manh\u00e3s sigam com temperaturas mais baixas \u2013 com eleva\u00e7\u00e3o durante a tarde \u2013 mas sem frio intenso. A partir de julho, o tempo deve ficar mais quente na cidade.<\/p>\n<blockquote><p>\u201cNos \u00faltimos tr\u00eas anos, tivemos o fen\u00f4meno La Ni\u00f1a. Agora come\u00e7ou o El Ni\u00f1o, mas a natureza demora a entender o fen\u00f4meno. As \u00e1guas do Pac\u00edfico est\u00e3o esquentando, mas ainda se responde por uma situa\u00e7\u00e3o de neutralidade. Por enquanto, esse arzinho frio vai circular pelo Brasil, mesmo com menor intensidade. Mas a partir de julho, agosto e setembro, a tend\u00eancia \u00e9 que as temperaturas fiquem acima da m\u00e9dia\u201d, disse ao DM An\u00e1polis.<\/p><\/blockquote>\n<p>De acordo com Amorim, pelo padr\u00e3o climatol\u00f3gico que o fen\u00f4meno causa, a cidade passar\u00e1 a ver com menos frequ\u00eancia e de forma gradativa as temperaturas mais baixas.<\/p>\n<blockquote><p>\u201cO El Ni\u00f1o vai come\u00e7ar a mostrar suas caracter\u00edsticas a partir do pr\u00f3ximo m\u00eas. Isso \u00e9 gradativo. O El Ni\u00f1o dificulta que o ar frio chegue ao Brasil Central e come\u00e7amos a ter outras caracter\u00edsticas. Volta a ter chuva no Sul do pa\u00eds e aqui continuaremos com a seca\u201d, destacou.<\/p><\/blockquote>\n<p>O progn\u00f3stico do Cimehgo e dos demais institutos meteorol\u00f3gicos descarta a possibilidade de frio intenso, como observado no outono do ano passado. Na ocasi\u00e3o, o munic\u00edpio chegou a ter temperaturas abaixo dos 5\u00baC.<\/p>\n<p>&nbsp;<\/p>\n<h2>Caracter\u00edsticas do inverno<\/h2>\n<p>&nbsp;<\/p>\n<p>A famosa \u2018friaca\u2019 n\u00e3o chegar\u00e1 em 2023, mas o inverno n\u00e3o deixar\u00e1 de ter caracter\u00edsticas pr\u00f3prias da esta\u00e7\u00e3o. Nesta \u00e9poca, as noites s\u00e3o mais longas e haver\u00e1 a forma\u00e7\u00e3o de nevoeiros e de n\u00e9voa seca, que deixa o horizonte opaco e emba\u00e7ado.<\/p>\n<p>Outro fator importante \u00e9 o baixo \u00edndice da umidade relativa do ar, cujos valores podem chegar a 10% no per\u00edodo da tarde; O aumento das queimadas devido a vegeta\u00e7\u00e3o estar mais seca, que produz fuma\u00e7a que provoca problemas respirat\u00f3rios<\/p>\n<p>O inverno segue de 21 de junho at\u00e9 \u00e0s 3h50 do dia 23 de setembro, quando se inicia a primavera.<\/p>\n<p>Com DM An\u00e1polis<\/p>\n<p>Colaborou Aglys Nadielle<\/p>\n","protected":false},"excerpt":{"rendered":"<p>O inverno come\u00e7a nesta quarta-feira (21) no hemisf\u00e9rio Sul, mas quem mora em An\u00e1polis n\u00e3o precisa esperar temperaturas congelantes como as observadas noutros anos. O globo est\u00e1 sob influ\u00eancia, desde o dia 8 de junho, do fen\u00f4meno El Ni\u00f1o, que aquece as \u00e1guas do Oceano Pac\u00edfico e tende a afastar massas de ar frias do &hellip;<\/p>\n","protected":false},"author":3,"featured_media":71365,"comment_status":"closed","ping_status":"open","sticky":false,"template":"","format":"standard","meta":{"_exactmetrics_skip_tracking":false,"_exactmetrics_sitenote_active":false,"_exactmetrics_sitenote_note":"","_exactmetrics_sitenote_category":0,"footnotes":""},"categories":[18,470],"tags":[],"_links":{"self":[{"href":"https:\/\/goiasemtempo.com.br\/home\/wp-json\/wp\/v2\/posts\/71364"}],"collection":[{"href":"https:\/\/goiasemtempo.com.br\/home\/wp-json\/wp\/v2\/posts"}],"about":[{"href":"https:\/\/goiasemtempo.com.br\/home\/wp-json\/wp\/v2\/types\/post"}],"author":[{"embeddable":true,"href":"https:\/\/goiasemtempo.com.br\/home\/wp-json\/wp\/v2\/users\/3"}],"replies":[{"embeddable":true,"href":"https:\/\/goiasemtempo.com.br\/home\/wp-json\/wp\/v2\/comments?post=71364"}],"version-history":[{"count":1,"href":"https:\/\/goiasemtempo.com.br\/home\/wp-json\/wp\/v2\/posts\/71364\/revisions"}],"predecessor-version":[{"id":71366,"href":"https:\/\/goiasemtempo.com.br\/home\/wp-json\/wp\/v2\/posts\/71364\/revisions\/71366"}],"wp:featuredmedia":[{"embeddable":true,"href":"https:\/\/goiasemtempo.com.br\/home\/wp-json\/wp\/v2\/media\/71365"}],"wp:attachment":[{"href":"https:\/\/goiasemtempo.com.br\/home\/wp-json\/wp\/v2\/media?parent=71364"}],"wp:term":[{"taxonomy":"category","embeddable":true,"href":"https:\/\/goiasemtempo.com.br\/home\/wp-json\/wp\/v2\/categories?post=71364"},{"taxonomy":"post_tag","embeddable":true,"href":"https:\/\/goiasemtempo.com.br\/home\/wp-json\/wp\/v2\/tags?post=71364"}],"curies":[{"name":"wp","href":"https:\/\/api.w.org\/{rel}","templated":true}]}}