{"id":71336,"date":"2023-06-20T15:08:29","date_gmt":"2023-06-20T15:08:29","guid":{"rendered":"https:\/\/goiasemtempo.com.br\/home\/?p=71336"},"modified":"2023-06-20T15:08:29","modified_gmt":"2023-06-20T15:08:29","slug":"bolsonaro-no-banco-dos-reus-e-o-circo-midiatico-da-imprensa-brasileira","status":"publish","type":"post","link":"https:\/\/goiasemtempo.com.br\/home\/bolsonaro-no-banco-dos-reus-e-o-circo-midiatico-da-imprensa-brasileira\/","title":{"rendered":"Bolsonaro no banco dos r\u00e9us e o circo midi\u00e1tico da imprensa brasileira"},"content":{"rendered":"<p>Opini\u00e3o: A imprensa brasileira foi tomada pela noticia do julgamento de Bolsonaro, os ve\u00edculos de comunica\u00e7\u00e3o j\u00e1 t\u00eam em m\u00e3os a senten\u00e7a que declara Bolsonaro ineleg\u00edvel, e o espet\u00e1culo midi\u00e1tico est\u00e1 pronto para come\u00e7ar. \u00c9 como se um circo tivesse sido montado, com Bolsonaro no banco dos r\u00e9us e todos os elementos caracter\u00edsticos desse ambiente em pleno funcionamento.<\/p>\n<div class=\"code-block code-block-4\"><\/div>\n<p>A imagem do picadeiro \u00e9 adequada para descrever uma situa\u00e7\u00e3o atual. Bolsonaro est\u00e1 no centro, prestes a cair no balde d\u2019\u00e1gua, e a imprensa, como um conjunto de tambores rufantes, fazendo um alarde ensurdecedor. Os donos desse circo, representados por alguns setores do judici\u00e1rio, seguram a tesoura na m\u00e3o, prontos para cortar as \u00faltimas esperan\u00e7as do ex-presidente.<\/p>\n<div class=\"code-block code-block-5\"><\/div>\n<p>A plateia, por sua vez, \u00e9 composta principalmente pela pol\u00edtica de esquerda e pelo atual governo motivado por Lula. Ambos est\u00e3o ansiosos pela festa que est\u00e1 prestes a acontecer. Para eles, a inelegibilidade de Bolsonaro \u00e9 uma vit\u00f3ria, uma oportunidade de fortalecer sua narrativa pol\u00edtica e enfraquecer ainda mais a figura do ex-presidente e seus apoiadores.<\/p>\n<p>No entanto, \u00e9 importante analisar a situa\u00e7\u00e3o com cautela e pondera\u00e7\u00e3o. A condena\u00e7\u00e3o de Bolsonaro ainda n\u00e3o \u00e9 uma realidade concreta, pois at\u00e9 momento em que este artigo at\u00e9 foi escrito, em 19 junho de 2023, n\u00e3o houve um julgamento que resultasse em sua inelegibilidade. \u00c9 fundamental respeitar o princ\u00edpio da presun\u00e7\u00e3o de inoc\u00eancia e permitir que o devido processo legal seja seguido.<\/p>\n<div class=\"code-block code-block-6\"><\/div>\n<p>A cobertura midi\u00e1tica desse caso, no entanto, parece ignorar completamente esses princ\u00edpios. A imprensa em condenar Bolsonaro, mesmo antes de qualquer decis\u00e3o judicial, levanta questionamentos sobre a imparcialidade da imprensa e sua rela\u00e7\u00e3o com certos setores do judici\u00e1rio. O jornalismo deveria ser um pilar da democracia, garantindo a divulga\u00e7\u00e3o de informa\u00e7\u00f5es objetivas e imparciais. No entanto, o espet\u00e1culo midi\u00e1tico em torno do caso Bolsonaro parece estar mais interessado em narrativas alimentares pr\u00e9-estabelecidas do que em buscar a verdade.<\/p>\n<p>Independentemente de posicionamentos pol\u00edticos individuais, \u00e9 necess\u00e1rio que o processo legal seja imparcial. Se Bolsonaro cometeu algum crime ou irregularidade durante seu mandato, cabe ao sistema judici\u00e1rio analisar como prova de forma imparcial e tomar uma decis\u00e3o justa. No entanto, isso deve ser feito de maneira isenta, sem influ\u00eancias externas e sem o sensacionalismo midi\u00e1tico que tem marcado o cen\u00e1rio atual.<\/p>\n<div class=\"code-block code-block-7\"><\/div>\n<p>O circo midi\u00e1tico do judici\u00e1rio, com seus malabarismos e palha\u00e7adas, acaba prejudicando o pr\u00f3prio sistema judicial e a confian\u00e7a que a popula\u00e7\u00e3o deposita nele. \u00c9 essencial que os julgamentos sejam cuidados de forma transparente, sem se tornarem meros espet\u00e1culos que visam apenas agradar a determinados grupos pol\u00edticos.<\/p>\n<p>Enquanto o processo de Bolsonaro n\u00e3o se tornar uma realidade legal, \u00e9 importante lembrar que todos t\u00eam direito \u00e0 presun\u00e7\u00e3o de inoc\u00eancia. O julgamento n\u00e3o deve ser realizado pela imprensa ou por interesses pol\u00edticos, mas sim pelos tribunais competentes, garantindo um processo justo e imparcial. Somente dessa forma poderemos construir uma sociedade verdadeiramente justa e democr\u00e1tica, baseada no respeito \u00e0s leis e na busca pela verdade.<\/p>\n<div class=\"code-block code-block-8\">Por:<span class=\"author-meta single-author with-avatars\"><span class=\"meta-item meta-author-wrapper meta-author-2\"><span class=\"meta-author-avatar\">\u00a0<\/span><span class=\"meta-author\"><span class=\"author-name tie-icon\">Hugo Alves-<\/span><\/span><\/span><\/span><span class=\"date meta-item tie-icon\">19 de junho de 2023-<\/span><span class=\"meta-item last-updated\">\u00daltima Atualiza\u00e7\u00e3o 19 de junho de 2023<\/span><\/div>\n","protected":false},"excerpt":{"rendered":"<p>Opini\u00e3o: A imprensa brasileira foi tomada pela noticia do julgamento de Bolsonaro, os ve\u00edculos de comunica\u00e7\u00e3o j\u00e1 t\u00eam em m\u00e3os a senten\u00e7a que declara Bolsonaro ineleg\u00edvel, e o espet\u00e1culo midi\u00e1tico est\u00e1 pronto para come\u00e7ar. \u00c9 como se um circo tivesse sido montado, com Bolsonaro no banco dos r\u00e9us e todos os elementos caracter\u00edsticos desse ambiente &hellip;<\/p>\n","protected":false},"author":3,"featured_media":71337,"comment_status":"closed","ping_status":"open","sticky":false,"template":"","format":"standard","meta":{"footnotes":""},"categories":[4],"tags":[],"class_list":["post-71336","post","type-post","status-publish","format-standard","has-post-thumbnail","hentry","category-ultimas-noticias"],"_links":{"self":[{"href":"https:\/\/goiasemtempo.com.br\/home\/wp-json\/wp\/v2\/posts\/71336","targetHints":{"allow":["GET"]}}],"collection":[{"href":"https:\/\/goiasemtempo.com.br\/home\/wp-json\/wp\/v2\/posts"}],"about":[{"href":"https:\/\/goiasemtempo.com.br\/home\/wp-json\/wp\/v2\/types\/post"}],"author":[{"embeddable":true,"href":"https:\/\/goiasemtempo.com.br\/home\/wp-json\/wp\/v2\/users\/3"}],"replies":[{"embeddable":true,"href":"https:\/\/goiasemtempo.com.br\/home\/wp-json\/wp\/v2\/comments?post=71336"}],"version-history":[{"count":1,"href":"https:\/\/goiasemtempo.com.br\/home\/wp-json\/wp\/v2\/posts\/71336\/revisions"}],"predecessor-version":[{"id":71338,"href":"https:\/\/goiasemtempo.com.br\/home\/wp-json\/wp\/v2\/posts\/71336\/revisions\/71338"}],"wp:featuredmedia":[{"embeddable":true,"href":"https:\/\/goiasemtempo.com.br\/home\/wp-json\/wp\/v2\/media\/71337"}],"wp:attachment":[{"href":"https:\/\/goiasemtempo.com.br\/home\/wp-json\/wp\/v2\/media?parent=71336"}],"wp:term":[{"taxonomy":"category","embeddable":true,"href":"https:\/\/goiasemtempo.com.br\/home\/wp-json\/wp\/v2\/categories?post=71336"},{"taxonomy":"post_tag","embeddable":true,"href":"https:\/\/goiasemtempo.com.br\/home\/wp-json\/wp\/v2\/tags?post=71336"}],"curies":[{"name":"wp","href":"https:\/\/api.w.org\/{rel}","templated":true}]}}